{"id":4959,"date":"2024-12-19T08:53:04","date_gmt":"2024-12-19T07:53:04","guid":{"rendered":"https:\/\/www.samsic.aero\/?p=4959"},"modified":"2024-12-19T08:53:04","modified_gmt":"2024-12-19T07:53:04","slug":"ligue-des-champions-by-samsic-mobility","status":"publish","type":"post","link":"https:\/\/www.samsic.aero\/fr\/news\/ligue-des-champions-by-samsic-mobility\/","title":{"rendered":"Ligue des champions by Samsic MOBILITY"},"content":{"rendered":"<p>Pour cette premi\u00e8re \u00e9dition, l\u2019objectif \u00e9tait de <strong>partager un moment de convivialit\u00e9 et de cr\u00e9er des liens entre les diff\u00e9rentes entit\u00e9s<\/strong>.<\/p>\n<p>8 \u00e9quipes d\u2019<strong>Enjo\u00ef, Samsic APMR et Samsic TRANSPORT<\/strong>\u00a0se sont affront\u00e9es sur <strong>plus de 5h de comp\u00e9tition<\/strong> !<\/p>\n<p>Une fois les les crampons au vestiaire, tout le monde s\u2019est rassembl\u00e9 autour d\u2019<strong>un buffet dans une ambiance conviviale<\/strong>.<\/p>\n<p>Un grand bravo aux <strong>participants venus de toute la France<\/strong> qui ont fait de cette comp\u00e9tition un vif succ\u00e8s \ud83d\ude03.<\/p>\n<p>F\u00e9licitations \u00e0 <strong>l\u2019\u00e9quipe d\u2019Enjo\u00ef qui a soulev\u00e9 la coupe<\/strong> \ud83c\udfc6 , et un grand merci \u00e0 <strong>Jean-Marc MATHON, Directeur du p\u00f4le MOBILITY et \u00e0 Le\u00efla DJAZIRI, Directrice des op\u00e9rations APMR,<\/strong> pour l&#8217;organisation.<\/p>\n<p><img loading=\"lazy\" decoding=\"async\" class=\"aligncenter wp-image-4962 size-large\" src=\"https:\/\/www.samsic.aero\/wp-content\/uploads\/2024\/12\/7-1024x682.jpg\" alt=\"\" width=\"840\" height=\"559\" srcset=\"https:\/\/www.samsic.aero\/wp-content\/uploads\/2024\/12\/7-1024x682.jpg 1024w, https:\/\/www.samsic.aero\/wp-content\/uploads\/2024\/12\/7-300x200.jpg 300w, https:\/\/www.samsic.aero\/wp-content\/uploads\/2024\/12\/7-768x512.jpg 768w, https:\/\/www.samsic.aero\/wp-content\/uploads\/2024\/12\/7-1536x1023.jpg 1536w, https:\/\/www.samsic.aero\/wp-content\/uploads\/2024\/12\/7-1220x813.jpg 1220w, https:\/\/www.samsic.aero\/wp-content\/uploads\/2024\/12\/7-130x87.jpg 130w, https:\/\/www.samsic.aero\/wp-content\/uploads\/2024\/12\/7.jpg 1600w\" sizes=\"(max-width: 840px) 100vw, 840px\" \/> <img loading=\"lazy\" decoding=\"async\" class=\"aligncenter wp-image-4964 size-large\" src=\"https:\/\/www.samsic.aero\/wp-content\/uploads\/2024\/12\/10-682x1024.jpg\" alt=\"\" width=\"682\" height=\"1024\" srcset=\"https:\/\/www.samsic.aero\/wp-content\/uploads\/2024\/12\/10-682x1024.jpg 682w, https:\/\/www.samsic.aero\/wp-content\/uploads\/2024\/12\/10-200x300.jpg 200w, https:\/\/www.samsic.aero\/wp-content\/uploads\/2024\/12\/10-768x1153.jpg 768w, https:\/\/www.samsic.aero\/wp-content\/uploads\/2024\/12\/10-1023x1536.jpg 1023w, https:\/\/www.samsic.aero\/wp-content\/uploads\/2024\/12\/10-813x1220.jpg 813w, https:\/\/www.samsic.aero\/wp-content\/uploads\/2024\/12\/10-67x100.jpg 67w, https:\/\/www.samsic.aero\/wp-content\/uploads\/2024\/12\/10.jpg 1066w\" sizes=\"(max-width: 682px) 100vw, 682px\" \/><img loading=\"lazy\" decoding=\"async\" class=\"aligncenter wp-image-4966 size-large\" src=\"https:\/\/www.samsic.aero\/wp-content\/uploads\/2024\/12\/8-1024x682.jpg\" alt=\"\" width=\"840\" height=\"559\" srcset=\"https:\/\/www.samsic.aero\/wp-content\/uploads\/2024\/12\/8-1024x682.jpg 1024w, https:\/\/www.samsic.aero\/wp-content\/uploads\/2024\/12\/8-300x200.jpg 300w, https:\/\/www.samsic.aero\/wp-content\/uploads\/2024\/12\/8-768x512.jpg 768w, https:\/\/www.samsic.aero\/wp-content\/uploads\/2024\/12\/8-1536x1023.jpg 1536w, https:\/\/www.samsic.aero\/wp-content\/uploads\/2024\/12\/8-1220x813.jpg 1220w, https:\/\/www.samsic.aero\/wp-content\/uploads\/2024\/12\/8-130x87.jpg 130w, https:\/\/www.samsic.aero\/wp-content\/uploads\/2024\/12\/8.jpg 1600w\" sizes=\"(max-width: 840px) 100vw, 840px\" \/><\/p>\n","protected":false},"excerpt":{"rendered":"<p>Pour cette premi\u00e8re \u00e9dition, l\u2019objectif \u00e9tait de partager un moment de convivialit\u00e9 et de cr\u00e9er des liens entre les diff\u00e9rentes &hellip;<\/p>\n","protected":false},"author":4,"featured_media":4960,"comment_status":"closed","ping_status":"closed","sticky":false,"template":"","format":"standard","meta":{"_acf_changed":false,"footnotes":""},"categories":[26],"tags":[],"class_list":["post-4959","post","type-post","status-publish","format-standard","has-post-thumbnail","hentry","category-news"],"acf":[],"yoast_head":"<!-- This site is optimized with the Yoast SEO plugin v26.8 - https:\/\/yoast.com\/product\/yoast-seo-wordpress\/ -->\n<title>Ligue des champions by Samsic MOBILITY | Samsic aero<\/title>\n<meta name=\"robots\" content=\"index, follow, max-snippet:-1, max-image-preview:large, max-video-preview:-1\" \/>\n<link rel=\"canonical\" href=\"https:\/\/www.samsic.aero\/fr\/news\/ligue-des-champions-by-samsic-mobility\/\" \/>\n<meta property=\"og:locale\" content=\"fr_FR\" \/>\n<meta property=\"og:type\" content=\"article\" \/>\n<meta property=\"og:title\" content=\"Ligue des champions by Samsic MOBILITY | Samsic aero\" \/>\n<meta property=\"og:description\" content=\"Pour cette premi\u00e8re \u00e9dition, l\u2019objectif \u00e9tait de partager un moment de convivialit\u00e9 et de cr\u00e9er des liens entre les diff\u00e9rentes &hellip;\" \/>\n<meta property=\"og:url\" content=\"https:\/\/www.samsic.aero\/fr\/news\/ligue-des-champions-by-samsic-mobility\/\" \/>\n<meta property=\"og:site_name\" content=\"Samsic aero\" \/>\n<meta property=\"article:published_time\" content=\"2024-12-19T07:53:04+00:00\" \/>\n<meta property=\"og:image\" content=\"https:\/\/www.samsic.aero\/wp-content\/uploads\/2024\/12\/6-1600x720.jpg\" \/>\n\t<meta property=\"og:image:width\" content=\"2048\" \/>\n\t<meta property=\"og:image:height\" content=\"1536\" \/>\n\t<meta property=\"og:image:type\" content=\"image\/jpeg\" \/>\n<meta name=\"author\" content=\"Aur\u00e9lien Le fur\" \/>\n<meta name=\"twitter:card\" content=\"summary_large_image\" \/>\n<meta name=\"twitter:label1\" content=\"Written by\" \/>\n\t<meta name=\"twitter:data1\" content=\"Aur\u00e9lien Le fur\" \/>\n\t<meta name=\"twitter:label2\" content=\"Est. reading time\" \/>\n\t<meta name=\"twitter:data2\" content=\"2 minutes\" \/>\n<script type=\"application\/ld+json\" class=\"yoast-schema-graph\">{\"@context\":\"https:\/\/schema.org\",\"@graph\":[{\"@type\":\"Article\",\"@id\":\"https:\/\/www.samsic.aero\/fr\/news\/ligue-des-champions-by-samsic-mobility\/#article\",\"isPartOf\":{\"@id\":\"https:\/\/www.samsic.aero\/fr\/news\/ligue-des-champions-by-samsic-mobility\/\"},\"author\":{\"name\":\"Aur\u00e9lien Le fur\",\"@id\":\"https:\/\/www.samsic.aero\/fr\/#\/schema\/person\/5096d6eb74ddbbeba9f8671a1323f0b2\"},\"headline\":\"Ligue des champions by Samsic MOBILITY\",\"datePublished\":\"2024-12-19T07:53:04+00:00\",\"mainEntityOfPage\":{\"@id\":\"https:\/\/www.samsic.aero\/fr\/news\/ligue-des-champions-by-samsic-mobility\/\"},\"wordCount\":127,\"publisher\":{\"@id\":\"https:\/\/www.samsic.aero\/fr\/#organization\"},\"image\":{\"@id\":\"https:\/\/www.samsic.aero\/fr\/news\/ligue-des-champions-by-samsic-mobility\/#primaryimage\"},\"thumbnailUrl\":\"https:\/\/www.samsic.aero\/wp-content\/uploads\/2024\/12\/6-1600x720.jpg\",\"articleSection\":[\"News\"],\"inLanguage\":\"fr-FR\"},{\"@type\":\"WebPage\",\"@id\":\"https:\/\/www.samsic.aero\/fr\/news\/ligue-des-champions-by-samsic-mobility\/\",\"url\":\"https:\/\/www.samsic.aero\/fr\/news\/ligue-des-champions-by-samsic-mobility\/\",\"name\":\"Ligue des champions by Samsic MOBILITY | Samsic aero\",\"isPartOf\":{\"@id\":\"https:\/\/www.samsic.aero\/fr\/#website\"},\"primaryImageOfPage\":{\"@id\":\"https:\/\/www.samsic.aero\/fr\/news\/ligue-des-champions-by-samsic-mobility\/#primaryimage\"},\"image\":{\"@id\":\"https:\/\/www.samsic.aero\/fr\/news\/ligue-des-champions-by-samsic-mobility\/#primaryimage\"},\"thumbnailUrl\":\"https:\/\/www.samsic.aero\/wp-content\/uploads\/2024\/12\/6-1600x720.jpg\",\"datePublished\":\"2024-12-19T07:53:04+00:00\",\"breadcrumb\":{\"@id\":\"https:\/\/www.samsic.aero\/fr\/news\/ligue-des-champions-by-samsic-mobility\/#breadcrumb\"},\"inLanguage\":\"fr-FR\",\"potentialAction\":[{\"@type\":\"ReadAction\",\"target\":[\"https:\/\/www.samsic.aero\/fr\/news\/ligue-des-champions-by-samsic-mobility\/\"]}]},{\"@type\":\"ImageObject\",\"inLanguage\":\"fr-FR\",\"@id\":\"https:\/\/www.samsic.aero\/fr\/news\/ligue-des-champions-by-samsic-mobility\/#primaryimage\",\"url\":\"https:\/\/www.samsic.aero\/wp-content\/uploads\/2024\/12\/6-1600x720.jpg\",\"contentUrl\":\"https:\/\/www.samsic.aero\/wp-content\/uploads\/2024\/12\/6-1600x720.jpg\",\"width\":2048,\"height\":1536},{\"@type\":\"BreadcrumbList\",\"@id\":\"https:\/\/www.samsic.aero\/fr\/news\/ligue-des-champions-by-samsic-mobility\/#breadcrumb\",\"itemListElement\":[{\"@type\":\"ListItem\",\"position\":1,\"name\":\"Accueil\",\"item\":\"https:\/\/www.samsic.aero\/fr\/\"},{\"@type\":\"ListItem\",\"position\":2,\"name\":\"News\",\"item\":\"https:\/\/www.samsic.aero\/fr\/news\/\"},{\"@type\":\"ListItem\",\"position\":3,\"name\":\"Ligue des champions by Samsic MOBILITY\"}]},{\"@type\":\"WebSite\",\"@id\":\"https:\/\/www.samsic.aero\/fr\/#website\",\"url\":\"https:\/\/www.samsic.aero\/fr\/\",\"name\":\"Samsic aero\",\"description\":\"\",\"publisher\":{\"@id\":\"https:\/\/www.samsic.aero\/fr\/#organization\"},\"potentialAction\":[{\"@type\":\"SearchAction\",\"target\":{\"@type\":\"EntryPoint\",\"urlTemplate\":\"https:\/\/www.samsic.aero\/fr\/?s={search_term_string}\"},\"query-input\":{\"@type\":\"PropertyValueSpecification\",\"valueRequired\":true,\"valueName\":\"search_term_string\"}}],\"inLanguage\":\"fr-FR\"},{\"@type\":\"Organization\",\"@id\":\"https:\/\/www.samsic.aero\/fr\/#organization\",\"name\":\"Samsic\",\"url\":\"https:\/\/www.samsic.aero\/fr\/\",\"logo\":{\"@type\":\"ImageObject\",\"inLanguage\":\"fr-FR\",\"@id\":\"https:\/\/www.samsic.aero\/fr\/#\/schema\/logo\/image\/\",\"url\":\"https:\/\/www.samsic.aero\/wp-content\/uploads\/2023\/04\/Samsic-1.jpg\",\"contentUrl\":\"https:\/\/www.samsic.aero\/wp-content\/uploads\/2023\/04\/Samsic-1.jpg\",\"width\":150,\"height\":150,\"caption\":\"Samsic\"},\"image\":{\"@id\":\"https:\/\/www.samsic.aero\/fr\/#\/schema\/logo\/image\/\"},\"sameAs\":[\"https:\/\/www.linkedin.com\/showcase\/samsicairport\/\"]},{\"@type\":\"Person\",\"@id\":\"https:\/\/www.samsic.aero\/fr\/#\/schema\/person\/5096d6eb74ddbbeba9f8671a1323f0b2\",\"name\":\"Aur\u00e9lien Le fur\",\"image\":{\"@type\":\"ImageObject\",\"inLanguage\":\"fr-FR\",\"@id\":\"https:\/\/www.samsic.aero\/fr\/#\/schema\/person\/image\/\",\"url\":\"https:\/\/secure.gravatar.com\/avatar\/15a6e78e1755156d60c89e4652876a1b5a155b9e5fe6bf6b322ea7aa7bd98e5e?s=96&d=mm&r=g\",\"contentUrl\":\"https:\/\/secure.gravatar.com\/avatar\/15a6e78e1755156d60c89e4652876a1b5a155b9e5fe6bf6b322ea7aa7bd98e5e?s=96&d=mm&r=g\",\"caption\":\"Aur\u00e9lien Le fur\"}}]}<\/script>\n<!-- \/ Yoast SEO plugin. -->","yoast_head_json":{"title":"Ligue des champions by Samsic MOBILITY | Samsic aero","robots":{"index":"index","follow":"follow","max-snippet":"max-snippet:-1","max-image-preview":"max-image-preview:large","max-video-preview":"max-video-preview:-1"},"canonical":"https:\/\/www.samsic.aero\/fr\/news\/ligue-des-champions-by-samsic-mobility\/","og_locale":"fr_FR","og_type":"article","og_title":"Ligue des champions by Samsic MOBILITY | Samsic aero","og_description":"Pour cette premi\u00e8re \u00e9dition, l\u2019objectif \u00e9tait de partager un moment de convivialit\u00e9 et de cr\u00e9er des liens entre les diff\u00e9rentes &hellip;","og_url":"https:\/\/www.samsic.aero\/fr\/news\/ligue-des-champions-by-samsic-mobility\/","og_site_name":"Samsic aero","article_published_time":"2024-12-19T07:53:04+00:00","og_image":[{"width":2048,"height":1536,"url":"https:\/\/www.samsic.aero\/wp-content\/uploads\/2024\/12\/6-1600x720.jpg","type":"image\/jpeg"}],"author":"Aur\u00e9lien Le fur","twitter_card":"summary_large_image","twitter_misc":{"Written by":"Aur\u00e9lien Le fur","Est. reading time":"2 minutes"},"schema":{"@context":"https:\/\/schema.org","@graph":[{"@type":"Article","@id":"https:\/\/www.samsic.aero\/fr\/news\/ligue-des-champions-by-samsic-mobility\/#article","isPartOf":{"@id":"https:\/\/www.samsic.aero\/fr\/news\/ligue-des-champions-by-samsic-mobility\/"},"author":{"name":"Aur\u00e9lien Le fur","@id":"https:\/\/www.samsic.aero\/fr\/#\/schema\/person\/5096d6eb74ddbbeba9f8671a1323f0b2"},"headline":"Ligue des champions by Samsic MOBILITY","datePublished":"2024-12-19T07:53:04+00:00","mainEntityOfPage":{"@id":"https:\/\/www.samsic.aero\/fr\/news\/ligue-des-champions-by-samsic-mobility\/"},"wordCount":127,"publisher":{"@id":"https:\/\/www.samsic.aero\/fr\/#organization"},"image":{"@id":"https:\/\/www.samsic.aero\/fr\/news\/ligue-des-champions-by-samsic-mobility\/#primaryimage"},"thumbnailUrl":"https:\/\/www.samsic.aero\/wp-content\/uploads\/2024\/12\/6-1600x720.jpg","articleSection":["News"],"inLanguage":"fr-FR"},{"@type":"WebPage","@id":"https:\/\/www.samsic.aero\/fr\/news\/ligue-des-champions-by-samsic-mobility\/","url":"https:\/\/www.samsic.aero\/fr\/news\/ligue-des-champions-by-samsic-mobility\/","name":"Ligue des champions by Samsic MOBILITY | Samsic aero","isPartOf":{"@id":"https:\/\/www.samsic.aero\/fr\/#website"},"primaryImageOfPage":{"@id":"https:\/\/www.samsic.aero\/fr\/news\/ligue-des-champions-by-samsic-mobility\/#primaryimage"},"image":{"@id":"https:\/\/www.samsic.aero\/fr\/news\/ligue-des-champions-by-samsic-mobility\/#primaryimage"},"thumbnailUrl":"https:\/\/www.samsic.aero\/wp-content\/uploads\/2024\/12\/6-1600x720.jpg","datePublished":"2024-12-19T07:53:04+00:00","breadcrumb":{"@id":"https:\/\/www.samsic.aero\/fr\/news\/ligue-des-champions-by-samsic-mobility\/#breadcrumb"},"inLanguage":"fr-FR","potentialAction":[{"@type":"ReadAction","target":["https:\/\/www.samsic.aero\/fr\/news\/ligue-des-champions-by-samsic-mobility\/"]}]},{"@type":"ImageObject","inLanguage":"fr-FR","@id":"https:\/\/www.samsic.aero\/fr\/news\/ligue-des-champions-by-samsic-mobility\/#primaryimage","url":"https:\/\/www.samsic.aero\/wp-content\/uploads\/2024\/12\/6-1600x720.jpg","contentUrl":"https:\/\/www.samsic.aero\/wp-content\/uploads\/2024\/12\/6-1600x720.jpg","width":2048,"height":1536},{"@type":"BreadcrumbList","@id":"https:\/\/www.samsic.aero\/fr\/news\/ligue-des-champions-by-samsic-mobility\/#breadcrumb","itemListElement":[{"@type":"ListItem","position":1,"name":"Accueil","item":"https:\/\/www.samsic.aero\/fr\/"},{"@type":"ListItem","position":2,"name":"News","item":"https:\/\/www.samsic.aero\/fr\/news\/"},{"@type":"ListItem","position":3,"name":"Ligue des champions by Samsic MOBILITY"}]},{"@type":"WebSite","@id":"https:\/\/www.samsic.aero\/fr\/#website","url":"https:\/\/www.samsic.aero\/fr\/","name":"Samsic aero","description":"","publisher":{"@id":"https:\/\/www.samsic.aero\/fr\/#organization"},"potentialAction":[{"@type":"SearchAction","target":{"@type":"EntryPoint","urlTemplate":"https:\/\/www.samsic.aero\/fr\/?s={search_term_string}"},"query-input":{"@type":"PropertyValueSpecification","valueRequired":true,"valueName":"search_term_string"}}],"inLanguage":"fr-FR"},{"@type":"Organization","@id":"https:\/\/www.samsic.aero\/fr\/#organization","name":"Samsic","url":"https:\/\/www.samsic.aero\/fr\/","logo":{"@type":"ImageObject","inLanguage":"fr-FR","@id":"https:\/\/www.samsic.aero\/fr\/#\/schema\/logo\/image\/","url":"https:\/\/www.samsic.aero\/wp-content\/uploads\/2023\/04\/Samsic-1.jpg","contentUrl":"https:\/\/www.samsic.aero\/wp-content\/uploads\/2023\/04\/Samsic-1.jpg","width":150,"height":150,"caption":"Samsic"},"image":{"@id":"https:\/\/www.samsic.aero\/fr\/#\/schema\/logo\/image\/"},"sameAs":["https:\/\/www.linkedin.com\/showcase\/samsicairport\/"]},{"@type":"Person","@id":"https:\/\/www.samsic.aero\/fr\/#\/schema\/person\/5096d6eb74ddbbeba9f8671a1323f0b2","name":"Aur\u00e9lien Le fur","image":{"@type":"ImageObject","inLanguage":"fr-FR","@id":"https:\/\/www.samsic.aero\/fr\/#\/schema\/person\/image\/","url":"https:\/\/secure.gravatar.com\/avatar\/15a6e78e1755156d60c89e4652876a1b5a155b9e5fe6bf6b322ea7aa7bd98e5e?s=96&d=mm&r=g","contentUrl":"https:\/\/secure.gravatar.com\/avatar\/15a6e78e1755156d60c89e4652876a1b5a155b9e5fe6bf6b322ea7aa7bd98e5e?s=96&d=mm&r=g","caption":"Aur\u00e9lien Le fur"}}]}},"_links":{"self":[{"href":"https:\/\/www.samsic.aero\/fr\/wp-json\/wp\/v2\/posts\/4959","targetHints":{"allow":["GET"]}}],"collection":[{"href":"https:\/\/www.samsic.aero\/fr\/wp-json\/wp\/v2\/posts"}],"about":[{"href":"https:\/\/www.samsic.aero\/fr\/wp-json\/wp\/v2\/types\/post"}],"author":[{"embeddable":true,"href":"https:\/\/www.samsic.aero\/fr\/wp-json\/wp\/v2\/users\/4"}],"replies":[{"embeddable":true,"href":"https:\/\/www.samsic.aero\/fr\/wp-json\/wp\/v2\/comments?post=4959"}],"version-history":[{"count":1,"href":"https:\/\/www.samsic.aero\/fr\/wp-json\/wp\/v2\/posts\/4959\/revisions"}],"predecessor-version":[{"id":4968,"href":"https:\/\/www.samsic.aero\/fr\/wp-json\/wp\/v2\/posts\/4959\/revisions\/4968"}],"wp:featuredmedia":[{"embeddable":true,"href":"https:\/\/www.samsic.aero\/fr\/wp-json\/wp\/v2\/media\/4960"}],"wp:attachment":[{"href":"https:\/\/www.samsic.aero\/fr\/wp-json\/wp\/v2\/media?parent=4959"}],"wp:term":[{"taxonomy":"category","embeddable":true,"href":"https:\/\/www.samsic.aero\/fr\/wp-json\/wp\/v2\/categories?post=4959"},{"taxonomy":"post_tag","embeddable":true,"href":"https:\/\/www.samsic.aero\/fr\/wp-json\/wp\/v2\/tags?post=4959"}],"curies":[{"name":"wp","href":"https:\/\/api.w.org\/{rel}","templated":true}]}}