{"id":5326,"date":"2025-01-13T16:41:45","date_gmt":"2025-01-13T15:41:45","guid":{"rendered":"https:\/\/www.samsic.aero\/news\/samsic-portugal-nouveau-contrat-avec-portugalia-airlines-a-lisbonne\/"},"modified":"2025-04-14T16:57:37","modified_gmt":"2025-04-14T14:57:37","slug":"samsic-portugal-nouveau-contrat-avec-portugalia-airlines-a-lisbonne","status":"publish","type":"post","link":"https:\/\/www.samsic.aero\/fr\/news\/samsic-portugal-nouveau-contrat-avec-portugalia-airlines-a-lisbonne\/","title":{"rendered":"[Samsic Portugal] Nouveau contrat avec Portug\u00e1lia Airlines \u00e0 Lisbonne"},"content":{"rendered":"<p>Les \u00e9quipes locales y assurent une large gamme de prestations :<\/p>\n<ul>\n<li>Nettoyage int\u00e9rieur et ext\u00e9rieur des avions<\/li>\n<li>Fouille de s\u00fbret\u00e9 des a\u00e9ronefs<\/li>\n<li>Collecte et recyclage des d\u00e9chets<\/li>\n<li>Approvisionnement en eau potable<\/li>\n<\/ul>\n<p>En octobre 2024, notre filiale portugaise a lanc\u00e9 un nouveau partenariat avec Portug\u00e1lia Airlines sur l\u2019a\u00e9roport de Lisbonne. Du lundi au vendredi, six Agents Samsic se consacrent au nettoyage int\u00e9rieur des avions de la compagnie, \u00e0 raison d\u2019une intervention quotidienne. Les nettoyages ext\u00e9rieurs, quant \u00e0 eux, sont r\u00e9alis\u00e9s sur demande.<\/p>\n<p>Un grand bravo aux \u00e9quipes de Samsic Portugal pour ce d\u00e9marrage couronn\u00e9 de succ\u00e8s !<\/p>\n","protected":false},"excerpt":{"rendered":"<p>Les \u00e9quipes locales y assurent une large gamme de prestations : Nettoyage int\u00e9rieur et ext\u00e9rieur des avions Fouille de s\u00fbret\u00e9 &hellip;<\/p>\n","protected":false},"author":4,"featured_media":5324,"comment_status":"closed","ping_status":"closed","sticky":false,"template":"","format":"standard","meta":{"_acf_changed":false,"footnotes":""},"categories":[26],"tags":[],"class_list":["post-5326","post","type-post","status-publish","format-standard","has-post-thumbnail","hentry","category-news"],"acf":[],"yoast_head":"<!-- This site is optimized with the Yoast SEO plugin v26.8 - https:\/\/yoast.com\/product\/yoast-seo-wordpress\/ -->\n<title>[Samsic Portugal] Nouveau contrat avec Portug\u00e1lia Airlines \u00e0 Lisbonne | Samsic aero<\/title>\n<meta name=\"robots\" content=\"index, follow, max-snippet:-1, max-image-preview:large, max-video-preview:-1\" \/>\n<link rel=\"canonical\" href=\"https:\/\/www.samsic.aero\/fr\/news\/samsic-portugal-nouveau-contrat-avec-portugalia-airlines-a-lisbonne\/\" \/>\n<meta property=\"og:locale\" content=\"fr_FR\" \/>\n<meta property=\"og:type\" content=\"article\" \/>\n<meta property=\"og:title\" content=\"[Samsic Portugal] Nouveau contrat avec Portug\u00e1lia Airlines \u00e0 Lisbonne | Samsic aero\" \/>\n<meta property=\"og:description\" content=\"Les \u00e9quipes locales y assurent une large gamme de prestations : Nettoyage int\u00e9rieur et ext\u00e9rieur des avions Fouille de s\u00fbret\u00e9 &hellip;\" \/>\n<meta property=\"og:url\" content=\"https:\/\/www.samsic.aero\/fr\/news\/samsic-portugal-nouveau-contrat-avec-portugalia-airlines-a-lisbonne\/\" \/>\n<meta property=\"og:site_name\" content=\"Samsic aero\" \/>\n<meta property=\"article:published_time\" content=\"2025-01-13T15:41:45+00:00\" \/>\n<meta property=\"article:modified_time\" content=\"2025-04-14T14:57:37+00:00\" \/>\n<meta property=\"og:image\" content=\"https:\/\/www.samsic.aero\/wp-content\/uploads\/2025\/04\/Linkedin-1-1110x720.jpg\" \/>\n\t<meta property=\"og:image:width\" content=\"1110\" \/>\n\t<meta property=\"og:image:height\" content=\"1108\" \/>\n\t<meta property=\"og:image:type\" content=\"image\/jpeg\" \/>\n<meta name=\"author\" content=\"Aur\u00e9lien Le fur\" \/>\n<meta name=\"twitter:card\" content=\"summary_large_image\" \/>\n<meta name=\"twitter:label1\" content=\"Written by\" \/>\n\t<meta name=\"twitter:data1\" content=\"Aur\u00e9lien Le fur\" \/>\n\t<meta name=\"twitter:label2\" content=\"Est. reading time\" \/>\n\t<meta name=\"twitter:data2\" content=\"1 minute\" \/>\n<script type=\"application\/ld+json\" class=\"yoast-schema-graph\">{\"@context\":\"https:\/\/schema.org\",\"@graph\":[{\"@type\":\"Article\",\"@id\":\"https:\/\/www.samsic.aero\/fr\/news\/samsic-portugal-nouveau-contrat-avec-portugalia-airlines-a-lisbonne\/#article\",\"isPartOf\":{\"@id\":\"https:\/\/www.samsic.aero\/fr\/news\/samsic-portugal-nouveau-contrat-avec-portugalia-airlines-a-lisbonne\/\"},\"author\":{\"name\":\"Aur\u00e9lien Le fur\",\"@id\":\"https:\/\/www.samsic.aero\/fr\/#\/schema\/person\/5096d6eb74ddbbeba9f8671a1323f0b2\"},\"headline\":\"[Samsic Portugal] Nouveau contrat avec Portug\u00e1lia Airlines \u00e0 Lisbonne\",\"datePublished\":\"2025-01-13T15:41:45+00:00\",\"dateModified\":\"2025-04-14T14:57:37+00:00\",\"mainEntityOfPage\":{\"@id\":\"https:\/\/www.samsic.aero\/fr\/news\/samsic-portugal-nouveau-contrat-avec-portugalia-airlines-a-lisbonne\/\"},\"wordCount\":115,\"publisher\":{\"@id\":\"https:\/\/www.samsic.aero\/fr\/#organization\"},\"image\":{\"@id\":\"https:\/\/www.samsic.aero\/fr\/news\/samsic-portugal-nouveau-contrat-avec-portugalia-airlines-a-lisbonne\/#primaryimage\"},\"thumbnailUrl\":\"https:\/\/www.samsic.aero\/wp-content\/uploads\/2025\/04\/Linkedin-1-1110x720.jpg\",\"articleSection\":[\"News\"],\"inLanguage\":\"fr-FR\"},{\"@type\":\"WebPage\",\"@id\":\"https:\/\/www.samsic.aero\/fr\/news\/samsic-portugal-nouveau-contrat-avec-portugalia-airlines-a-lisbonne\/\",\"url\":\"https:\/\/www.samsic.aero\/fr\/news\/samsic-portugal-nouveau-contrat-avec-portugalia-airlines-a-lisbonne\/\",\"name\":\"[Samsic Portugal] Nouveau contrat avec Portug\u00e1lia Airlines \u00e0 Lisbonne | Samsic aero\",\"isPartOf\":{\"@id\":\"https:\/\/www.samsic.aero\/fr\/#website\"},\"primaryImageOfPage\":{\"@id\":\"https:\/\/www.samsic.aero\/fr\/news\/samsic-portugal-nouveau-contrat-avec-portugalia-airlines-a-lisbonne\/#primaryimage\"},\"image\":{\"@id\":\"https:\/\/www.samsic.aero\/fr\/news\/samsic-portugal-nouveau-contrat-avec-portugalia-airlines-a-lisbonne\/#primaryimage\"},\"thumbnailUrl\":\"https:\/\/www.samsic.aero\/wp-content\/uploads\/2025\/04\/Linkedin-1-1110x720.jpg\",\"datePublished\":\"2025-01-13T15:41:45+00:00\",\"dateModified\":\"2025-04-14T14:57:37+00:00\",\"breadcrumb\":{\"@id\":\"https:\/\/www.samsic.aero\/fr\/news\/samsic-portugal-nouveau-contrat-avec-portugalia-airlines-a-lisbonne\/#breadcrumb\"},\"inLanguage\":\"fr-FR\",\"potentialAction\":[{\"@type\":\"ReadAction\",\"target\":[\"https:\/\/www.samsic.aero\/fr\/news\/samsic-portugal-nouveau-contrat-avec-portugalia-airlines-a-lisbonne\/\"]}]},{\"@type\":\"ImageObject\",\"inLanguage\":\"fr-FR\",\"@id\":\"https:\/\/www.samsic.aero\/fr\/news\/samsic-portugal-nouveau-contrat-avec-portugalia-airlines-a-lisbonne\/#primaryimage\",\"url\":\"https:\/\/www.samsic.aero\/wp-content\/uploads\/2025\/04\/Linkedin-1-1110x720.jpg\",\"contentUrl\":\"https:\/\/www.samsic.aero\/wp-content\/uploads\/2025\/04\/Linkedin-1-1110x720.jpg\",\"width\":1110,\"height\":1108},{\"@type\":\"BreadcrumbList\",\"@id\":\"https:\/\/www.samsic.aero\/fr\/news\/samsic-portugal-nouveau-contrat-avec-portugalia-airlines-a-lisbonne\/#breadcrumb\",\"itemListElement\":[{\"@type\":\"ListItem\",\"position\":1,\"name\":\"Accueil\",\"item\":\"https:\/\/www.samsic.aero\/fr\/\"},{\"@type\":\"ListItem\",\"position\":2,\"name\":\"News\",\"item\":\"https:\/\/www.samsic.aero\/fr\/news\/\"},{\"@type\":\"ListItem\",\"position\":3,\"name\":\"[Samsic Portugal] Nouveau contrat avec Portug\u00e1lia Airlines \u00e0 Lisbonne\"}]},{\"@type\":\"WebSite\",\"@id\":\"https:\/\/www.samsic.aero\/fr\/#website\",\"url\":\"https:\/\/www.samsic.aero\/fr\/\",\"name\":\"Samsic aero\",\"description\":\"\",\"publisher\":{\"@id\":\"https:\/\/www.samsic.aero\/fr\/#organization\"},\"potentialAction\":[{\"@type\":\"SearchAction\",\"target\":{\"@type\":\"EntryPoint\",\"urlTemplate\":\"https:\/\/www.samsic.aero\/fr\/?s={search_term_string}\"},\"query-input\":{\"@type\":\"PropertyValueSpecification\",\"valueRequired\":true,\"valueName\":\"search_term_string\"}}],\"inLanguage\":\"fr-FR\"},{\"@type\":\"Organization\",\"@id\":\"https:\/\/www.samsic.aero\/fr\/#organization\",\"name\":\"Samsic\",\"url\":\"https:\/\/www.samsic.aero\/fr\/\",\"logo\":{\"@type\":\"ImageObject\",\"inLanguage\":\"fr-FR\",\"@id\":\"https:\/\/www.samsic.aero\/fr\/#\/schema\/logo\/image\/\",\"url\":\"https:\/\/www.samsic.aero\/wp-content\/uploads\/2023\/04\/Samsic-1.jpg\",\"contentUrl\":\"https:\/\/www.samsic.aero\/wp-content\/uploads\/2023\/04\/Samsic-1.jpg\",\"width\":150,\"height\":150,\"caption\":\"Samsic\"},\"image\":{\"@id\":\"https:\/\/www.samsic.aero\/fr\/#\/schema\/logo\/image\/\"},\"sameAs\":[\"https:\/\/www.linkedin.com\/showcase\/samsicairport\/\"]},{\"@type\":\"Person\",\"@id\":\"https:\/\/www.samsic.aero\/fr\/#\/schema\/person\/5096d6eb74ddbbeba9f8671a1323f0b2\",\"name\":\"Aur\u00e9lien Le fur\",\"image\":{\"@type\":\"ImageObject\",\"inLanguage\":\"fr-FR\",\"@id\":\"https:\/\/www.samsic.aero\/fr\/#\/schema\/person\/image\/\",\"url\":\"https:\/\/secure.gravatar.com\/avatar\/15a6e78e1755156d60c89e4652876a1b5a155b9e5fe6bf6b322ea7aa7bd98e5e?s=96&d=mm&r=g\",\"contentUrl\":\"https:\/\/secure.gravatar.com\/avatar\/15a6e78e1755156d60c89e4652876a1b5a155b9e5fe6bf6b322ea7aa7bd98e5e?s=96&d=mm&r=g\",\"caption\":\"Aur\u00e9lien Le fur\"}}]}<\/script>\n<!-- \/ Yoast SEO plugin. -->","yoast_head_json":{"title":"[Samsic Portugal] Nouveau contrat avec Portug\u00e1lia Airlines \u00e0 Lisbonne | Samsic aero","robots":{"index":"index","follow":"follow","max-snippet":"max-snippet:-1","max-image-preview":"max-image-preview:large","max-video-preview":"max-video-preview:-1"},"canonical":"https:\/\/www.samsic.aero\/fr\/news\/samsic-portugal-nouveau-contrat-avec-portugalia-airlines-a-lisbonne\/","og_locale":"fr_FR","og_type":"article","og_title":"[Samsic Portugal] Nouveau contrat avec Portug\u00e1lia Airlines \u00e0 Lisbonne | Samsic aero","og_description":"Les \u00e9quipes locales y assurent une large gamme de prestations : Nettoyage int\u00e9rieur et ext\u00e9rieur des avions Fouille de s\u00fbret\u00e9 &hellip;","og_url":"https:\/\/www.samsic.aero\/fr\/news\/samsic-portugal-nouveau-contrat-avec-portugalia-airlines-a-lisbonne\/","og_site_name":"Samsic aero","article_published_time":"2025-01-13T15:41:45+00:00","article_modified_time":"2025-04-14T14:57:37+00:00","og_image":[{"width":1110,"height":1108,"url":"https:\/\/www.samsic.aero\/wp-content\/uploads\/2025\/04\/Linkedin-1-1110x720.jpg","type":"image\/jpeg"}],"author":"Aur\u00e9lien Le fur","twitter_card":"summary_large_image","twitter_misc":{"Written by":"Aur\u00e9lien Le fur","Est. reading time":"1 minute"},"schema":{"@context":"https:\/\/schema.org","@graph":[{"@type":"Article","@id":"https:\/\/www.samsic.aero\/fr\/news\/samsic-portugal-nouveau-contrat-avec-portugalia-airlines-a-lisbonne\/#article","isPartOf":{"@id":"https:\/\/www.samsic.aero\/fr\/news\/samsic-portugal-nouveau-contrat-avec-portugalia-airlines-a-lisbonne\/"},"author":{"name":"Aur\u00e9lien Le fur","@id":"https:\/\/www.samsic.aero\/fr\/#\/schema\/person\/5096d6eb74ddbbeba9f8671a1323f0b2"},"headline":"[Samsic Portugal] Nouveau contrat avec Portug\u00e1lia Airlines \u00e0 Lisbonne","datePublished":"2025-01-13T15:41:45+00:00","dateModified":"2025-04-14T14:57:37+00:00","mainEntityOfPage":{"@id":"https:\/\/www.samsic.aero\/fr\/news\/samsic-portugal-nouveau-contrat-avec-portugalia-airlines-a-lisbonne\/"},"wordCount":115,"publisher":{"@id":"https:\/\/www.samsic.aero\/fr\/#organization"},"image":{"@id":"https:\/\/www.samsic.aero\/fr\/news\/samsic-portugal-nouveau-contrat-avec-portugalia-airlines-a-lisbonne\/#primaryimage"},"thumbnailUrl":"https:\/\/www.samsic.aero\/wp-content\/uploads\/2025\/04\/Linkedin-1-1110x720.jpg","articleSection":["News"],"inLanguage":"fr-FR"},{"@type":"WebPage","@id":"https:\/\/www.samsic.aero\/fr\/news\/samsic-portugal-nouveau-contrat-avec-portugalia-airlines-a-lisbonne\/","url":"https:\/\/www.samsic.aero\/fr\/news\/samsic-portugal-nouveau-contrat-avec-portugalia-airlines-a-lisbonne\/","name":"[Samsic Portugal] Nouveau contrat avec Portug\u00e1lia Airlines \u00e0 Lisbonne | Samsic aero","isPartOf":{"@id":"https:\/\/www.samsic.aero\/fr\/#website"},"primaryImageOfPage":{"@id":"https:\/\/www.samsic.aero\/fr\/news\/samsic-portugal-nouveau-contrat-avec-portugalia-airlines-a-lisbonne\/#primaryimage"},"image":{"@id":"https:\/\/www.samsic.aero\/fr\/news\/samsic-portugal-nouveau-contrat-avec-portugalia-airlines-a-lisbonne\/#primaryimage"},"thumbnailUrl":"https:\/\/www.samsic.aero\/wp-content\/uploads\/2025\/04\/Linkedin-1-1110x720.jpg","datePublished":"2025-01-13T15:41:45+00:00","dateModified":"2025-04-14T14:57:37+00:00","breadcrumb":{"@id":"https:\/\/www.samsic.aero\/fr\/news\/samsic-portugal-nouveau-contrat-avec-portugalia-airlines-a-lisbonne\/#breadcrumb"},"inLanguage":"fr-FR","potentialAction":[{"@type":"ReadAction","target":["https:\/\/www.samsic.aero\/fr\/news\/samsic-portugal-nouveau-contrat-avec-portugalia-airlines-a-lisbonne\/"]}]},{"@type":"ImageObject","inLanguage":"fr-FR","@id":"https:\/\/www.samsic.aero\/fr\/news\/samsic-portugal-nouveau-contrat-avec-portugalia-airlines-a-lisbonne\/#primaryimage","url":"https:\/\/www.samsic.aero\/wp-content\/uploads\/2025\/04\/Linkedin-1-1110x720.jpg","contentUrl":"https:\/\/www.samsic.aero\/wp-content\/uploads\/2025\/04\/Linkedin-1-1110x720.jpg","width":1110,"height":1108},{"@type":"BreadcrumbList","@id":"https:\/\/www.samsic.aero\/fr\/news\/samsic-portugal-nouveau-contrat-avec-portugalia-airlines-a-lisbonne\/#breadcrumb","itemListElement":[{"@type":"ListItem","position":1,"name":"Accueil","item":"https:\/\/www.samsic.aero\/fr\/"},{"@type":"ListItem","position":2,"name":"News","item":"https:\/\/www.samsic.aero\/fr\/news\/"},{"@type":"ListItem","position":3,"name":"[Samsic Portugal] Nouveau contrat avec Portug\u00e1lia Airlines \u00e0 Lisbonne"}]},{"@type":"WebSite","@id":"https:\/\/www.samsic.aero\/fr\/#website","url":"https:\/\/www.samsic.aero\/fr\/","name":"Samsic aero","description":"","publisher":{"@id":"https:\/\/www.samsic.aero\/fr\/#organization"},"potentialAction":[{"@type":"SearchAction","target":{"@type":"EntryPoint","urlTemplate":"https:\/\/www.samsic.aero\/fr\/?s={search_term_string}"},"query-input":{"@type":"PropertyValueSpecification","valueRequired":true,"valueName":"search_term_string"}}],"inLanguage":"fr-FR"},{"@type":"Organization","@id":"https:\/\/www.samsic.aero\/fr\/#organization","name":"Samsic","url":"https:\/\/www.samsic.aero\/fr\/","logo":{"@type":"ImageObject","inLanguage":"fr-FR","@id":"https:\/\/www.samsic.aero\/fr\/#\/schema\/logo\/image\/","url":"https:\/\/www.samsic.aero\/wp-content\/uploads\/2023\/04\/Samsic-1.jpg","contentUrl":"https:\/\/www.samsic.aero\/wp-content\/uploads\/2023\/04\/Samsic-1.jpg","width":150,"height":150,"caption":"Samsic"},"image":{"@id":"https:\/\/www.samsic.aero\/fr\/#\/schema\/logo\/image\/"},"sameAs":["https:\/\/www.linkedin.com\/showcase\/samsicairport\/"]},{"@type":"Person","@id":"https:\/\/www.samsic.aero\/fr\/#\/schema\/person\/5096d6eb74ddbbeba9f8671a1323f0b2","name":"Aur\u00e9lien Le fur","image":{"@type":"ImageObject","inLanguage":"fr-FR","@id":"https:\/\/www.samsic.aero\/fr\/#\/schema\/person\/image\/","url":"https:\/\/secure.gravatar.com\/avatar\/15a6e78e1755156d60c89e4652876a1b5a155b9e5fe6bf6b322ea7aa7bd98e5e?s=96&d=mm&r=g","contentUrl":"https:\/\/secure.gravatar.com\/avatar\/15a6e78e1755156d60c89e4652876a1b5a155b9e5fe6bf6b322ea7aa7bd98e5e?s=96&d=mm&r=g","caption":"Aur\u00e9lien Le fur"}}]}},"_links":{"self":[{"href":"https:\/\/www.samsic.aero\/fr\/wp-json\/wp\/v2\/posts\/5326","targetHints":{"allow":["GET"]}}],"collection":[{"href":"https:\/\/www.samsic.aero\/fr\/wp-json\/wp\/v2\/posts"}],"about":[{"href":"https:\/\/www.samsic.aero\/fr\/wp-json\/wp\/v2\/types\/post"}],"author":[{"embeddable":true,"href":"https:\/\/www.samsic.aero\/fr\/wp-json\/wp\/v2\/users\/4"}],"replies":[{"embeddable":true,"href":"https:\/\/www.samsic.aero\/fr\/wp-json\/wp\/v2\/comments?post=5326"}],"version-history":[{"count":1,"href":"https:\/\/www.samsic.aero\/fr\/wp-json\/wp\/v2\/posts\/5326\/revisions"}],"predecessor-version":[{"id":5327,"href":"https:\/\/www.samsic.aero\/fr\/wp-json\/wp\/v2\/posts\/5326\/revisions\/5327"}],"wp:featuredmedia":[{"embeddable":true,"href":"https:\/\/www.samsic.aero\/fr\/wp-json\/wp\/v2\/media\/5324"}],"wp:attachment":[{"href":"https:\/\/www.samsic.aero\/fr\/wp-json\/wp\/v2\/media?parent=5326"}],"wp:term":[{"taxonomy":"category","embeddable":true,"href":"https:\/\/www.samsic.aero\/fr\/wp-json\/wp\/v2\/categories?post=5326"},{"taxonomy":"post_tag","embeddable":true,"href":"https:\/\/www.samsic.aero\/fr\/wp-json\/wp\/v2\/tags?post=5326"}],"curies":[{"name":"wp","href":"https:\/\/api.w.org\/{rel}","templated":true}]}}