{"id":5335,"date":"2025-02-06T09:00:52","date_gmt":"2025-02-06T08:00:52","guid":{"rendered":"https:\/\/www.samsic.aero\/?p=5335"},"modified":"2025-04-15T09:07:28","modified_gmt":"2025-04-15T07:07:28","slug":"samsic-assistance-sengage-aux-antilles-avec-une-flotte-100-electrique-%e2%9a%a1","status":"publish","type":"post","link":"https:\/\/www.samsic.aero\/fr\/news\/samsic-assistance-sengage-aux-antilles-avec-une-flotte-100-electrique-%e2%9a%a1\/","title":{"rendered":"Samsic Assistance s&#8217;engage aux Antilles avec une flotte 100% \u00e9lectrique ! \u26a1"},"content":{"rendered":"<p>Ces \u00e9quipements modernes et performants offrent un cadre de travail optimis\u00e9 aux \u00e9quipes tout en garantissant un <strong>service de qualit\u00e9 <\/strong>aux clients. En phase avec nos <strong>engagements RSE<\/strong>, cette initiative permet de <strong>r\u00e9duire l&#8217;empreinte carbone \ud83c\udf0d<\/strong> et de conjuguer <strong>performance et responsabilit\u00e9 environnementale<\/strong>.<\/p>\n<p>\ud83d\udd27 <strong>Un atout suppl\u00e9mentaire : l\u2019internalisation de la maintenance !<\/strong> Apr\u00e8s une mise en place r\u00e9ussie en <strong>Guyane et en R\u00e9publique Dominicaine<\/strong>, nous avons choisi d\u2019appliquer cette strat\u00e9gie en <strong>Martinique et en Guadeloupe<\/strong>. Cette d\u00e9cision nous permet <strong>d\u2019am\u00e9liorer notre r\u00e9activit\u00e9 \u23f3, de renforcer notre expertise \ud83c\udfc6 et d\u2019assurer un service toujours plus fiable \u2705<\/strong> \u00e0 nos partenaires. En ma\u00eetrisant chaque aspect de nos op\u00e9rations, nous consolidons notre engagement en faveur de <strong>l\u2019innovation et de la qualit\u00e9<\/strong>.<\/p>\n<p>\ud83d\udc4b <strong>Bienvenue \u00e0 nos nouveaux collaborateurs antillais !<\/strong> Cette \u00e9volution est aussi une <strong>aventure humaine<\/strong>, avec l\u2019arriv\u00e9e de nouvelles \u00e9quipes qui joueront un r\u00f4le cl\u00e9 dans cette transformation. Leur expertise et leur implication seront essentielles pour accompagner cette dynamique et garantir le succ\u00e8s de cette transition.<\/p>\n","protected":false},"excerpt":{"rendered":"<p>Ces \u00e9quipements modernes et performants offrent un cadre de travail optimis\u00e9 aux \u00e9quipes tout en garantissant un service de qualit\u00e9 &hellip;<\/p>\n","protected":false},"author":4,"featured_media":5336,"comment_status":"closed","ping_status":"closed","sticky":false,"template":"","format":"standard","meta":{"_acf_changed":false,"footnotes":""},"categories":[26],"tags":[],"class_list":["post-5335","post","type-post","status-publish","format-standard","has-post-thumbnail","hentry","category-news"],"acf":[],"yoast_head":"<!-- This site is optimized with the Yoast SEO plugin v26.8 - https:\/\/yoast.com\/product\/yoast-seo-wordpress\/ -->\n<title>Samsic Assistance s&#039;engage aux Antilles avec une flotte 100% \u00e9lectrique ! \u26a1 | Samsic aero<\/title>\n<meta name=\"robots\" content=\"index, follow, max-snippet:-1, max-image-preview:large, max-video-preview:-1\" \/>\n<link rel=\"canonical\" href=\"https:\/\/www.samsic.aero\/fr\/news\/samsic-assistance-sengage-aux-antilles-avec-une-flotte-100-electrique-%e2%9a%a1\/\" \/>\n<meta property=\"og:locale\" content=\"fr_FR\" \/>\n<meta property=\"og:type\" content=\"article\" \/>\n<meta property=\"og:title\" content=\"Samsic Assistance s&#039;engage aux Antilles avec une flotte 100% \u00e9lectrique ! \u26a1 | Samsic aero\" \/>\n<meta property=\"og:description\" content=\"Ces \u00e9quipements modernes et performants offrent un cadre de travail optimis\u00e9 aux \u00e9quipes tout en garantissant un service de qualit\u00e9 &hellip;\" \/>\n<meta property=\"og:url\" content=\"https:\/\/www.samsic.aero\/fr\/news\/samsic-assistance-sengage-aux-antilles-avec-une-flotte-100-electrique-%e2%9a%a1\/\" \/>\n<meta property=\"og:site_name\" content=\"Samsic aero\" \/>\n<meta property=\"article:published_time\" content=\"2025-02-06T08:00:52+00:00\" \/>\n<meta property=\"article:modified_time\" content=\"2025-04-15T07:07:28+00:00\" \/>\n<meta property=\"og:image\" content=\"https:\/\/www.samsic.aero\/wp-content\/uploads\/2025\/04\/VISUELS-BLOG.png\" \/>\n\t<meta property=\"og:image:width\" content=\"600\" \/>\n\t<meta property=\"og:image:height\" content=\"600\" \/>\n\t<meta property=\"og:image:type\" content=\"image\/png\" \/>\n<meta name=\"author\" content=\"Aur\u00e9lien Le fur\" \/>\n<meta name=\"twitter:card\" content=\"summary_large_image\" \/>\n<meta name=\"twitter:label1\" content=\"Written by\" \/>\n\t<meta name=\"twitter:data1\" content=\"Aur\u00e9lien Le fur\" \/>\n\t<meta name=\"twitter:label2\" content=\"Est. reading time\" \/>\n\t<meta name=\"twitter:data2\" content=\"1 minute\" \/>\n<script type=\"application\/ld+json\" class=\"yoast-schema-graph\">{\"@context\":\"https:\/\/schema.org\",\"@graph\":[{\"@type\":\"Article\",\"@id\":\"https:\/\/www.samsic.aero\/fr\/news\/samsic-assistance-sengage-aux-antilles-avec-une-flotte-100-electrique-%e2%9a%a1\/#article\",\"isPartOf\":{\"@id\":\"https:\/\/www.samsic.aero\/fr\/news\/samsic-assistance-sengage-aux-antilles-avec-une-flotte-100-electrique-%e2%9a%a1\/\"},\"author\":{\"name\":\"Aur\u00e9lien Le fur\",\"@id\":\"https:\/\/www.samsic.aero\/fr\/#\/schema\/person\/5096d6eb74ddbbeba9f8671a1323f0b2\"},\"headline\":\"Samsic Assistance s&#8217;engage aux Antilles avec une flotte 100% \u00e9lectrique ! \u26a1\",\"datePublished\":\"2025-02-06T08:00:52+00:00\",\"dateModified\":\"2025-04-15T07:07:28+00:00\",\"mainEntityOfPage\":{\"@id\":\"https:\/\/www.samsic.aero\/fr\/news\/samsic-assistance-sengage-aux-antilles-avec-une-flotte-100-electrique-%e2%9a%a1\/\"},\"wordCount\":185,\"publisher\":{\"@id\":\"https:\/\/www.samsic.aero\/fr\/#organization\"},\"image\":{\"@id\":\"https:\/\/www.samsic.aero\/fr\/news\/samsic-assistance-sengage-aux-antilles-avec-une-flotte-100-electrique-%e2%9a%a1\/#primaryimage\"},\"thumbnailUrl\":\"https:\/\/www.samsic.aero\/wp-content\/uploads\/2025\/04\/VISUELS-BLOG.png\",\"articleSection\":[\"News\"],\"inLanguage\":\"fr-FR\"},{\"@type\":\"WebPage\",\"@id\":\"https:\/\/www.samsic.aero\/fr\/news\/samsic-assistance-sengage-aux-antilles-avec-une-flotte-100-electrique-%e2%9a%a1\/\",\"url\":\"https:\/\/www.samsic.aero\/fr\/news\/samsic-assistance-sengage-aux-antilles-avec-une-flotte-100-electrique-%e2%9a%a1\/\",\"name\":\"Samsic Assistance s'engage aux Antilles avec une flotte 100% \u00e9lectrique ! \u26a1 | Samsic aero\",\"isPartOf\":{\"@id\":\"https:\/\/www.samsic.aero\/fr\/#website\"},\"primaryImageOfPage\":{\"@id\":\"https:\/\/www.samsic.aero\/fr\/news\/samsic-assistance-sengage-aux-antilles-avec-une-flotte-100-electrique-%e2%9a%a1\/#primaryimage\"},\"image\":{\"@id\":\"https:\/\/www.samsic.aero\/fr\/news\/samsic-assistance-sengage-aux-antilles-avec-une-flotte-100-electrique-%e2%9a%a1\/#primaryimage\"},\"thumbnailUrl\":\"https:\/\/www.samsic.aero\/wp-content\/uploads\/2025\/04\/VISUELS-BLOG.png\",\"datePublished\":\"2025-02-06T08:00:52+00:00\",\"dateModified\":\"2025-04-15T07:07:28+00:00\",\"breadcrumb\":{\"@id\":\"https:\/\/www.samsic.aero\/fr\/news\/samsic-assistance-sengage-aux-antilles-avec-une-flotte-100-electrique-%e2%9a%a1\/#breadcrumb\"},\"inLanguage\":\"fr-FR\",\"potentialAction\":[{\"@type\":\"ReadAction\",\"target\":[\"https:\/\/www.samsic.aero\/fr\/news\/samsic-assistance-sengage-aux-antilles-avec-une-flotte-100-electrique-%e2%9a%a1\/\"]}]},{\"@type\":\"ImageObject\",\"inLanguage\":\"fr-FR\",\"@id\":\"https:\/\/www.samsic.aero\/fr\/news\/samsic-assistance-sengage-aux-antilles-avec-une-flotte-100-electrique-%e2%9a%a1\/#primaryimage\",\"url\":\"https:\/\/www.samsic.aero\/wp-content\/uploads\/2025\/04\/VISUELS-BLOG.png\",\"contentUrl\":\"https:\/\/www.samsic.aero\/wp-content\/uploads\/2025\/04\/VISUELS-BLOG.png\",\"width\":600,\"height\":600},{\"@type\":\"BreadcrumbList\",\"@id\":\"https:\/\/www.samsic.aero\/fr\/news\/samsic-assistance-sengage-aux-antilles-avec-une-flotte-100-electrique-%e2%9a%a1\/#breadcrumb\",\"itemListElement\":[{\"@type\":\"ListItem\",\"position\":1,\"name\":\"Accueil\",\"item\":\"https:\/\/www.samsic.aero\/fr\/\"},{\"@type\":\"ListItem\",\"position\":2,\"name\":\"News\",\"item\":\"https:\/\/www.samsic.aero\/fr\/news\/\"},{\"@type\":\"ListItem\",\"position\":3,\"name\":\"Samsic Assistance s&#8217;engage aux Antilles avec une flotte 100% \u00e9lectrique ! \u26a1\"}]},{\"@type\":\"WebSite\",\"@id\":\"https:\/\/www.samsic.aero\/fr\/#website\",\"url\":\"https:\/\/www.samsic.aero\/fr\/\",\"name\":\"Samsic aero\",\"description\":\"\",\"publisher\":{\"@id\":\"https:\/\/www.samsic.aero\/fr\/#organization\"},\"potentialAction\":[{\"@type\":\"SearchAction\",\"target\":{\"@type\":\"EntryPoint\",\"urlTemplate\":\"https:\/\/www.samsic.aero\/fr\/?s={search_term_string}\"},\"query-input\":{\"@type\":\"PropertyValueSpecification\",\"valueRequired\":true,\"valueName\":\"search_term_string\"}}],\"inLanguage\":\"fr-FR\"},{\"@type\":\"Organization\",\"@id\":\"https:\/\/www.samsic.aero\/fr\/#organization\",\"name\":\"Samsic\",\"url\":\"https:\/\/www.samsic.aero\/fr\/\",\"logo\":{\"@type\":\"ImageObject\",\"inLanguage\":\"fr-FR\",\"@id\":\"https:\/\/www.samsic.aero\/fr\/#\/schema\/logo\/image\/\",\"url\":\"https:\/\/www.samsic.aero\/wp-content\/uploads\/2023\/04\/Samsic-1.jpg\",\"contentUrl\":\"https:\/\/www.samsic.aero\/wp-content\/uploads\/2023\/04\/Samsic-1.jpg\",\"width\":150,\"height\":150,\"caption\":\"Samsic\"},\"image\":{\"@id\":\"https:\/\/www.samsic.aero\/fr\/#\/schema\/logo\/image\/\"},\"sameAs\":[\"https:\/\/www.linkedin.com\/showcase\/samsicairport\/\"]},{\"@type\":\"Person\",\"@id\":\"https:\/\/www.samsic.aero\/fr\/#\/schema\/person\/5096d6eb74ddbbeba9f8671a1323f0b2\",\"name\":\"Aur\u00e9lien Le fur\",\"image\":{\"@type\":\"ImageObject\",\"inLanguage\":\"fr-FR\",\"@id\":\"https:\/\/www.samsic.aero\/fr\/#\/schema\/person\/image\/\",\"url\":\"https:\/\/secure.gravatar.com\/avatar\/15a6e78e1755156d60c89e4652876a1b5a155b9e5fe6bf6b322ea7aa7bd98e5e?s=96&d=mm&r=g\",\"contentUrl\":\"https:\/\/secure.gravatar.com\/avatar\/15a6e78e1755156d60c89e4652876a1b5a155b9e5fe6bf6b322ea7aa7bd98e5e?s=96&d=mm&r=g\",\"caption\":\"Aur\u00e9lien Le fur\"}}]}<\/script>\n<!-- \/ Yoast SEO plugin. -->","yoast_head_json":{"title":"Samsic Assistance s'engage aux Antilles avec une flotte 100% \u00e9lectrique ! \u26a1 | Samsic aero","robots":{"index":"index","follow":"follow","max-snippet":"max-snippet:-1","max-image-preview":"max-image-preview:large","max-video-preview":"max-video-preview:-1"},"canonical":"https:\/\/www.samsic.aero\/fr\/news\/samsic-assistance-sengage-aux-antilles-avec-une-flotte-100-electrique-%e2%9a%a1\/","og_locale":"fr_FR","og_type":"article","og_title":"Samsic Assistance s'engage aux Antilles avec une flotte 100% \u00e9lectrique ! \u26a1 | Samsic aero","og_description":"Ces \u00e9quipements modernes et performants offrent un cadre de travail optimis\u00e9 aux \u00e9quipes tout en garantissant un service de qualit\u00e9 &hellip;","og_url":"https:\/\/www.samsic.aero\/fr\/news\/samsic-assistance-sengage-aux-antilles-avec-une-flotte-100-electrique-%e2%9a%a1\/","og_site_name":"Samsic aero","article_published_time":"2025-02-06T08:00:52+00:00","article_modified_time":"2025-04-15T07:07:28+00:00","og_image":[{"width":600,"height":600,"url":"https:\/\/www.samsic.aero\/wp-content\/uploads\/2025\/04\/VISUELS-BLOG.png","type":"image\/png"}],"author":"Aur\u00e9lien Le fur","twitter_card":"summary_large_image","twitter_misc":{"Written by":"Aur\u00e9lien Le fur","Est. reading time":"1 minute"},"schema":{"@context":"https:\/\/schema.org","@graph":[{"@type":"Article","@id":"https:\/\/www.samsic.aero\/fr\/news\/samsic-assistance-sengage-aux-antilles-avec-une-flotte-100-electrique-%e2%9a%a1\/#article","isPartOf":{"@id":"https:\/\/www.samsic.aero\/fr\/news\/samsic-assistance-sengage-aux-antilles-avec-une-flotte-100-electrique-%e2%9a%a1\/"},"author":{"name":"Aur\u00e9lien Le fur","@id":"https:\/\/www.samsic.aero\/fr\/#\/schema\/person\/5096d6eb74ddbbeba9f8671a1323f0b2"},"headline":"Samsic Assistance s&#8217;engage aux Antilles avec une flotte 100% \u00e9lectrique ! \u26a1","datePublished":"2025-02-06T08:00:52+00:00","dateModified":"2025-04-15T07:07:28+00:00","mainEntityOfPage":{"@id":"https:\/\/www.samsic.aero\/fr\/news\/samsic-assistance-sengage-aux-antilles-avec-une-flotte-100-electrique-%e2%9a%a1\/"},"wordCount":185,"publisher":{"@id":"https:\/\/www.samsic.aero\/fr\/#organization"},"image":{"@id":"https:\/\/www.samsic.aero\/fr\/news\/samsic-assistance-sengage-aux-antilles-avec-une-flotte-100-electrique-%e2%9a%a1\/#primaryimage"},"thumbnailUrl":"https:\/\/www.samsic.aero\/wp-content\/uploads\/2025\/04\/VISUELS-BLOG.png","articleSection":["News"],"inLanguage":"fr-FR"},{"@type":"WebPage","@id":"https:\/\/www.samsic.aero\/fr\/news\/samsic-assistance-sengage-aux-antilles-avec-une-flotte-100-electrique-%e2%9a%a1\/","url":"https:\/\/www.samsic.aero\/fr\/news\/samsic-assistance-sengage-aux-antilles-avec-une-flotte-100-electrique-%e2%9a%a1\/","name":"Samsic Assistance s'engage aux Antilles avec une flotte 100% \u00e9lectrique ! \u26a1 | Samsic aero","isPartOf":{"@id":"https:\/\/www.samsic.aero\/fr\/#website"},"primaryImageOfPage":{"@id":"https:\/\/www.samsic.aero\/fr\/news\/samsic-assistance-sengage-aux-antilles-avec-une-flotte-100-electrique-%e2%9a%a1\/#primaryimage"},"image":{"@id":"https:\/\/www.samsic.aero\/fr\/news\/samsic-assistance-sengage-aux-antilles-avec-une-flotte-100-electrique-%e2%9a%a1\/#primaryimage"},"thumbnailUrl":"https:\/\/www.samsic.aero\/wp-content\/uploads\/2025\/04\/VISUELS-BLOG.png","datePublished":"2025-02-06T08:00:52+00:00","dateModified":"2025-04-15T07:07:28+00:00","breadcrumb":{"@id":"https:\/\/www.samsic.aero\/fr\/news\/samsic-assistance-sengage-aux-antilles-avec-une-flotte-100-electrique-%e2%9a%a1\/#breadcrumb"},"inLanguage":"fr-FR","potentialAction":[{"@type":"ReadAction","target":["https:\/\/www.samsic.aero\/fr\/news\/samsic-assistance-sengage-aux-antilles-avec-une-flotte-100-electrique-%e2%9a%a1\/"]}]},{"@type":"ImageObject","inLanguage":"fr-FR","@id":"https:\/\/www.samsic.aero\/fr\/news\/samsic-assistance-sengage-aux-antilles-avec-une-flotte-100-electrique-%e2%9a%a1\/#primaryimage","url":"https:\/\/www.samsic.aero\/wp-content\/uploads\/2025\/04\/VISUELS-BLOG.png","contentUrl":"https:\/\/www.samsic.aero\/wp-content\/uploads\/2025\/04\/VISUELS-BLOG.png","width":600,"height":600},{"@type":"BreadcrumbList","@id":"https:\/\/www.samsic.aero\/fr\/news\/samsic-assistance-sengage-aux-antilles-avec-une-flotte-100-electrique-%e2%9a%a1\/#breadcrumb","itemListElement":[{"@type":"ListItem","position":1,"name":"Accueil","item":"https:\/\/www.samsic.aero\/fr\/"},{"@type":"ListItem","position":2,"name":"News","item":"https:\/\/www.samsic.aero\/fr\/news\/"},{"@type":"ListItem","position":3,"name":"Samsic Assistance s&#8217;engage aux Antilles avec une flotte 100% \u00e9lectrique ! \u26a1"}]},{"@type":"WebSite","@id":"https:\/\/www.samsic.aero\/fr\/#website","url":"https:\/\/www.samsic.aero\/fr\/","name":"Samsic aero","description":"","publisher":{"@id":"https:\/\/www.samsic.aero\/fr\/#organization"},"potentialAction":[{"@type":"SearchAction","target":{"@type":"EntryPoint","urlTemplate":"https:\/\/www.samsic.aero\/fr\/?s={search_term_string}"},"query-input":{"@type":"PropertyValueSpecification","valueRequired":true,"valueName":"search_term_string"}}],"inLanguage":"fr-FR"},{"@type":"Organization","@id":"https:\/\/www.samsic.aero\/fr\/#organization","name":"Samsic","url":"https:\/\/www.samsic.aero\/fr\/","logo":{"@type":"ImageObject","inLanguage":"fr-FR","@id":"https:\/\/www.samsic.aero\/fr\/#\/schema\/logo\/image\/","url":"https:\/\/www.samsic.aero\/wp-content\/uploads\/2023\/04\/Samsic-1.jpg","contentUrl":"https:\/\/www.samsic.aero\/wp-content\/uploads\/2023\/04\/Samsic-1.jpg","width":150,"height":150,"caption":"Samsic"},"image":{"@id":"https:\/\/www.samsic.aero\/fr\/#\/schema\/logo\/image\/"},"sameAs":["https:\/\/www.linkedin.com\/showcase\/samsicairport\/"]},{"@type":"Person","@id":"https:\/\/www.samsic.aero\/fr\/#\/schema\/person\/5096d6eb74ddbbeba9f8671a1323f0b2","name":"Aur\u00e9lien Le fur","image":{"@type":"ImageObject","inLanguage":"fr-FR","@id":"https:\/\/www.samsic.aero\/fr\/#\/schema\/person\/image\/","url":"https:\/\/secure.gravatar.com\/avatar\/15a6e78e1755156d60c89e4652876a1b5a155b9e5fe6bf6b322ea7aa7bd98e5e?s=96&d=mm&r=g","contentUrl":"https:\/\/secure.gravatar.com\/avatar\/15a6e78e1755156d60c89e4652876a1b5a155b9e5fe6bf6b322ea7aa7bd98e5e?s=96&d=mm&r=g","caption":"Aur\u00e9lien Le fur"}}]}},"_links":{"self":[{"href":"https:\/\/www.samsic.aero\/fr\/wp-json\/wp\/v2\/posts\/5335","targetHints":{"allow":["GET"]}}],"collection":[{"href":"https:\/\/www.samsic.aero\/fr\/wp-json\/wp\/v2\/posts"}],"about":[{"href":"https:\/\/www.samsic.aero\/fr\/wp-json\/wp\/v2\/types\/post"}],"author":[{"embeddable":true,"href":"https:\/\/www.samsic.aero\/fr\/wp-json\/wp\/v2\/users\/4"}],"replies":[{"embeddable":true,"href":"https:\/\/www.samsic.aero\/fr\/wp-json\/wp\/v2\/comments?post=5335"}],"version-history":[{"count":1,"href":"https:\/\/www.samsic.aero\/fr\/wp-json\/wp\/v2\/posts\/5335\/revisions"}],"predecessor-version":[{"id":5338,"href":"https:\/\/www.samsic.aero\/fr\/wp-json\/wp\/v2\/posts\/5335\/revisions\/5338"}],"wp:featuredmedia":[{"embeddable":true,"href":"https:\/\/www.samsic.aero\/fr\/wp-json\/wp\/v2\/media\/5336"}],"wp:attachment":[{"href":"https:\/\/www.samsic.aero\/fr\/wp-json\/wp\/v2\/media?parent=5335"}],"wp:term":[{"taxonomy":"category","embeddable":true,"href":"https:\/\/www.samsic.aero\/fr\/wp-json\/wp\/v2\/categories?post=5335"},{"taxonomy":"post_tag","embeddable":true,"href":"https:\/\/www.samsic.aero\/fr\/wp-json\/wp\/v2\/tags?post=5335"}],"curies":[{"name":"wp","href":"https:\/\/api.w.org\/{rel}","templated":true}]}}