{"id":5343,"date":"2025-02-18T09:09:12","date_gmt":"2025-02-18T08:09:12","guid":{"rendered":"https:\/\/www.samsic.aero\/?p=5343"},"modified":"2025-04-15T09:09:34","modified_gmt":"2025-04-15T07:09:34","slug":"samsic-handling-dominicana-lexpertise-au-service-des-vols-dexception","status":"publish","type":"post","link":"https:\/\/www.samsic.aero\/fr\/news\/samsic-handling-dominicana-lexpertise-au-service-des-vols-dexception\/","title":{"rendered":"Samsic Handling Dominicana : L&#8217;expertise au service des vols d&#8217;exception"},"content":{"rendered":"<p>Cet appareil, souvent utilis\u00e9 comme Air Force 2 pour les d\u00e9placements du Vice-Pr\u00e9sident des \u00c9tats-Unis, impose des standards de pr\u00e9paration particuli\u00e8rement rigoureux.<\/p>\n<p>La gestion d&#8217;op\u00e9rations complexes et de vols sensibles fait partie de notre quotidien. Ce vol diplomatique a illustr\u00e9, une fois de plus, notre capacit\u00e9 \u00e0 r\u00e9pondre aux attentes les plus exigeantes en mati\u00e8re d&#8217;assistance a\u00e9roportuaire.<\/p>\n<p>Pour cette mission exceptionnelle, nos \u00e9quipes ont assur\u00e9 :<\/p>\n<ul data-spread=\"false\">\n<li>\u2705 <strong>Un traitement prioritaire et s\u00e9curis\u00e9<\/strong><\/li>\n<li>\u2705 <strong>Une assistance au sol compl\u00e8te<\/strong><\/li>\n<li>\u2705 <strong>Une gestion pr\u00e9cise des exigences sp\u00e9cifiques<\/strong><\/li>\n<li>\u2705 <strong>Un accompagnement personnalis\u00e9<\/strong><\/li>\n<\/ul>\n<p>Situ\u00e9 au c\u0153ur des Cara\u00efbes, l&#8217;a\u00e9roport de Saint-Domingue (SDQ) est l&#8217;un des plus dynamiques du r\u00e9seau Samsic Handling, avec plus de<strong> 80 d\u00e9parts quotidiens<\/strong> et des collaborations avec <strong>50 compagnies a\u00e9riennes.<\/strong> Ce type d&#8217;op\u00e9ration sensible d\u00e9montre la fiabilit\u00e9, la r\u00e9activit\u00e9 et l&#8217;expertise de nos \u00e9quipes, capables de g\u00e9rer aussi bien des vols commerciaux que des missions protocolaires de haut niveau.<\/p>\n<p>Un grand bravo \u00e0 toutes nos \u00e9quipes mobilis\u00e9es sur cet \u00e9v\u00e9nement prestigieux ! \ud83d\udc4f<\/p>\n","protected":false},"excerpt":{"rendered":"<p>Cet appareil, souvent utilis\u00e9 comme Air Force 2 pour les d\u00e9placements du Vice-Pr\u00e9sident des \u00c9tats-Unis, impose des standards de pr\u00e9paration &hellip;<\/p>\n","protected":false},"author":4,"featured_media":5344,"comment_status":"closed","ping_status":"closed","sticky":false,"template":"","format":"standard","meta":{"_acf_changed":false,"footnotes":""},"categories":[26],"tags":[],"class_list":["post-5343","post","type-post","status-publish","format-standard","has-post-thumbnail","hentry","category-news"],"acf":[],"yoast_head":"<!-- This site is optimized with the Yoast SEO plugin v26.8 - https:\/\/yoast.com\/product\/yoast-seo-wordpress\/ -->\n<title>Samsic Handling Dominicana : L&#039;expertise au service des vols d&#039;exception | Samsic aero<\/title>\n<meta name=\"robots\" content=\"index, follow, max-snippet:-1, max-image-preview:large, max-video-preview:-1\" \/>\n<link rel=\"canonical\" href=\"https:\/\/www.samsic.aero\/fr\/news\/samsic-handling-dominicana-lexpertise-au-service-des-vols-dexception\/\" \/>\n<meta property=\"og:locale\" content=\"fr_FR\" \/>\n<meta property=\"og:type\" content=\"article\" \/>\n<meta property=\"og:title\" content=\"Samsic Handling Dominicana : L&#039;expertise au service des vols d&#039;exception | Samsic aero\" \/>\n<meta property=\"og:description\" content=\"Cet appareil, souvent utilis\u00e9 comme Air Force 2 pour les d\u00e9placements du Vice-Pr\u00e9sident des \u00c9tats-Unis, impose des standards de pr\u00e9paration &hellip;\" \/>\n<meta property=\"og:url\" content=\"https:\/\/www.samsic.aero\/fr\/news\/samsic-handling-dominicana-lexpertise-au-service-des-vols-dexception\/\" \/>\n<meta property=\"og:site_name\" content=\"Samsic aero\" \/>\n<meta property=\"article:published_time\" content=\"2025-02-18T08:09:12+00:00\" \/>\n<meta property=\"article:modified_time\" content=\"2025-04-15T07:09:34+00:00\" \/>\n<meta property=\"og:image\" content=\"https:\/\/www.samsic.aero\/wp-content\/uploads\/2025\/04\/VISUELS-BLOG-3-1.png\" \/>\n\t<meta property=\"og:image:width\" content=\"600\" \/>\n\t<meta property=\"og:image:height\" content=\"600\" \/>\n\t<meta property=\"og:image:type\" content=\"image\/png\" \/>\n<meta name=\"author\" content=\"Aur\u00e9lien Le fur\" \/>\n<meta name=\"twitter:card\" content=\"summary_large_image\" \/>\n<meta name=\"twitter:label1\" content=\"Written by\" \/>\n\t<meta name=\"twitter:data1\" content=\"Aur\u00e9lien Le fur\" \/>\n\t<meta name=\"twitter:label2\" content=\"Est. reading time\" \/>\n\t<meta name=\"twitter:data2\" content=\"1 minute\" \/>\n<script type=\"application\/ld+json\" class=\"yoast-schema-graph\">{\"@context\":\"https:\/\/schema.org\",\"@graph\":[{\"@type\":\"Article\",\"@id\":\"https:\/\/www.samsic.aero\/fr\/news\/samsic-handling-dominicana-lexpertise-au-service-des-vols-dexception\/#article\",\"isPartOf\":{\"@id\":\"https:\/\/www.samsic.aero\/fr\/news\/samsic-handling-dominicana-lexpertise-au-service-des-vols-dexception\/\"},\"author\":{\"name\":\"Aur\u00e9lien Le fur\",\"@id\":\"https:\/\/www.samsic.aero\/fr\/#\/schema\/person\/5096d6eb74ddbbeba9f8671a1323f0b2\"},\"headline\":\"Samsic Handling Dominicana : L&#8217;expertise au service des vols d&#8217;exception\",\"datePublished\":\"2025-02-18T08:09:12+00:00\",\"dateModified\":\"2025-04-15T07:09:34+00:00\",\"mainEntityOfPage\":{\"@id\":\"https:\/\/www.samsic.aero\/fr\/news\/samsic-handling-dominicana-lexpertise-au-service-des-vols-dexception\/\"},\"wordCount\":192,\"publisher\":{\"@id\":\"https:\/\/www.samsic.aero\/fr\/#organization\"},\"image\":{\"@id\":\"https:\/\/www.samsic.aero\/fr\/news\/samsic-handling-dominicana-lexpertise-au-service-des-vols-dexception\/#primaryimage\"},\"thumbnailUrl\":\"https:\/\/www.samsic.aero\/wp-content\/uploads\/2025\/04\/VISUELS-BLOG-3-1.png\",\"articleSection\":[\"News\"],\"inLanguage\":\"fr-FR\"},{\"@type\":\"WebPage\",\"@id\":\"https:\/\/www.samsic.aero\/fr\/news\/samsic-handling-dominicana-lexpertise-au-service-des-vols-dexception\/\",\"url\":\"https:\/\/www.samsic.aero\/fr\/news\/samsic-handling-dominicana-lexpertise-au-service-des-vols-dexception\/\",\"name\":\"Samsic Handling Dominicana : L'expertise au service des vols d'exception | Samsic aero\",\"isPartOf\":{\"@id\":\"https:\/\/www.samsic.aero\/fr\/#website\"},\"primaryImageOfPage\":{\"@id\":\"https:\/\/www.samsic.aero\/fr\/news\/samsic-handling-dominicana-lexpertise-au-service-des-vols-dexception\/#primaryimage\"},\"image\":{\"@id\":\"https:\/\/www.samsic.aero\/fr\/news\/samsic-handling-dominicana-lexpertise-au-service-des-vols-dexception\/#primaryimage\"},\"thumbnailUrl\":\"https:\/\/www.samsic.aero\/wp-content\/uploads\/2025\/04\/VISUELS-BLOG-3-1.png\",\"datePublished\":\"2025-02-18T08:09:12+00:00\",\"dateModified\":\"2025-04-15T07:09:34+00:00\",\"breadcrumb\":{\"@id\":\"https:\/\/www.samsic.aero\/fr\/news\/samsic-handling-dominicana-lexpertise-au-service-des-vols-dexception\/#breadcrumb\"},\"inLanguage\":\"fr-FR\",\"potentialAction\":[{\"@type\":\"ReadAction\",\"target\":[\"https:\/\/www.samsic.aero\/fr\/news\/samsic-handling-dominicana-lexpertise-au-service-des-vols-dexception\/\"]}]},{\"@type\":\"ImageObject\",\"inLanguage\":\"fr-FR\",\"@id\":\"https:\/\/www.samsic.aero\/fr\/news\/samsic-handling-dominicana-lexpertise-au-service-des-vols-dexception\/#primaryimage\",\"url\":\"https:\/\/www.samsic.aero\/wp-content\/uploads\/2025\/04\/VISUELS-BLOG-3-1.png\",\"contentUrl\":\"https:\/\/www.samsic.aero\/wp-content\/uploads\/2025\/04\/VISUELS-BLOG-3-1.png\",\"width\":600,\"height\":600},{\"@type\":\"BreadcrumbList\",\"@id\":\"https:\/\/www.samsic.aero\/fr\/news\/samsic-handling-dominicana-lexpertise-au-service-des-vols-dexception\/#breadcrumb\",\"itemListElement\":[{\"@type\":\"ListItem\",\"position\":1,\"name\":\"Accueil\",\"item\":\"https:\/\/www.samsic.aero\/fr\/\"},{\"@type\":\"ListItem\",\"position\":2,\"name\":\"News\",\"item\":\"https:\/\/www.samsic.aero\/fr\/news\/\"},{\"@type\":\"ListItem\",\"position\":3,\"name\":\"Samsic Handling Dominicana : L&#8217;expertise au service des vols d&#8217;exception\"}]},{\"@type\":\"WebSite\",\"@id\":\"https:\/\/www.samsic.aero\/fr\/#website\",\"url\":\"https:\/\/www.samsic.aero\/fr\/\",\"name\":\"Samsic aero\",\"description\":\"\",\"publisher\":{\"@id\":\"https:\/\/www.samsic.aero\/fr\/#organization\"},\"potentialAction\":[{\"@type\":\"SearchAction\",\"target\":{\"@type\":\"EntryPoint\",\"urlTemplate\":\"https:\/\/www.samsic.aero\/fr\/?s={search_term_string}\"},\"query-input\":{\"@type\":\"PropertyValueSpecification\",\"valueRequired\":true,\"valueName\":\"search_term_string\"}}],\"inLanguage\":\"fr-FR\"},{\"@type\":\"Organization\",\"@id\":\"https:\/\/www.samsic.aero\/fr\/#organization\",\"name\":\"Samsic\",\"url\":\"https:\/\/www.samsic.aero\/fr\/\",\"logo\":{\"@type\":\"ImageObject\",\"inLanguage\":\"fr-FR\",\"@id\":\"https:\/\/www.samsic.aero\/fr\/#\/schema\/logo\/image\/\",\"url\":\"https:\/\/www.samsic.aero\/wp-content\/uploads\/2023\/04\/Samsic-1.jpg\",\"contentUrl\":\"https:\/\/www.samsic.aero\/wp-content\/uploads\/2023\/04\/Samsic-1.jpg\",\"width\":150,\"height\":150,\"caption\":\"Samsic\"},\"image\":{\"@id\":\"https:\/\/www.samsic.aero\/fr\/#\/schema\/logo\/image\/\"},\"sameAs\":[\"https:\/\/www.linkedin.com\/showcase\/samsicairport\/\"]},{\"@type\":\"Person\",\"@id\":\"https:\/\/www.samsic.aero\/fr\/#\/schema\/person\/5096d6eb74ddbbeba9f8671a1323f0b2\",\"name\":\"Aur\u00e9lien Le fur\",\"image\":{\"@type\":\"ImageObject\",\"inLanguage\":\"fr-FR\",\"@id\":\"https:\/\/www.samsic.aero\/fr\/#\/schema\/person\/image\/\",\"url\":\"https:\/\/secure.gravatar.com\/avatar\/15a6e78e1755156d60c89e4652876a1b5a155b9e5fe6bf6b322ea7aa7bd98e5e?s=96&d=mm&r=g\",\"contentUrl\":\"https:\/\/secure.gravatar.com\/avatar\/15a6e78e1755156d60c89e4652876a1b5a155b9e5fe6bf6b322ea7aa7bd98e5e?s=96&d=mm&r=g\",\"caption\":\"Aur\u00e9lien Le fur\"}}]}<\/script>\n<!-- \/ Yoast SEO plugin. -->","yoast_head_json":{"title":"Samsic Handling Dominicana : L'expertise au service des vols d'exception | Samsic aero","robots":{"index":"index","follow":"follow","max-snippet":"max-snippet:-1","max-image-preview":"max-image-preview:large","max-video-preview":"max-video-preview:-1"},"canonical":"https:\/\/www.samsic.aero\/fr\/news\/samsic-handling-dominicana-lexpertise-au-service-des-vols-dexception\/","og_locale":"fr_FR","og_type":"article","og_title":"Samsic Handling Dominicana : L'expertise au service des vols d'exception | Samsic aero","og_description":"Cet appareil, souvent utilis\u00e9 comme Air Force 2 pour les d\u00e9placements du Vice-Pr\u00e9sident des \u00c9tats-Unis, impose des standards de pr\u00e9paration &hellip;","og_url":"https:\/\/www.samsic.aero\/fr\/news\/samsic-handling-dominicana-lexpertise-au-service-des-vols-dexception\/","og_site_name":"Samsic aero","article_published_time":"2025-02-18T08:09:12+00:00","article_modified_time":"2025-04-15T07:09:34+00:00","og_image":[{"width":600,"height":600,"url":"https:\/\/www.samsic.aero\/wp-content\/uploads\/2025\/04\/VISUELS-BLOG-3-1.png","type":"image\/png"}],"author":"Aur\u00e9lien Le fur","twitter_card":"summary_large_image","twitter_misc":{"Written by":"Aur\u00e9lien Le fur","Est. reading time":"1 minute"},"schema":{"@context":"https:\/\/schema.org","@graph":[{"@type":"Article","@id":"https:\/\/www.samsic.aero\/fr\/news\/samsic-handling-dominicana-lexpertise-au-service-des-vols-dexception\/#article","isPartOf":{"@id":"https:\/\/www.samsic.aero\/fr\/news\/samsic-handling-dominicana-lexpertise-au-service-des-vols-dexception\/"},"author":{"name":"Aur\u00e9lien Le fur","@id":"https:\/\/www.samsic.aero\/fr\/#\/schema\/person\/5096d6eb74ddbbeba9f8671a1323f0b2"},"headline":"Samsic Handling Dominicana : L&#8217;expertise au service des vols d&#8217;exception","datePublished":"2025-02-18T08:09:12+00:00","dateModified":"2025-04-15T07:09:34+00:00","mainEntityOfPage":{"@id":"https:\/\/www.samsic.aero\/fr\/news\/samsic-handling-dominicana-lexpertise-au-service-des-vols-dexception\/"},"wordCount":192,"publisher":{"@id":"https:\/\/www.samsic.aero\/fr\/#organization"},"image":{"@id":"https:\/\/www.samsic.aero\/fr\/news\/samsic-handling-dominicana-lexpertise-au-service-des-vols-dexception\/#primaryimage"},"thumbnailUrl":"https:\/\/www.samsic.aero\/wp-content\/uploads\/2025\/04\/VISUELS-BLOG-3-1.png","articleSection":["News"],"inLanguage":"fr-FR"},{"@type":"WebPage","@id":"https:\/\/www.samsic.aero\/fr\/news\/samsic-handling-dominicana-lexpertise-au-service-des-vols-dexception\/","url":"https:\/\/www.samsic.aero\/fr\/news\/samsic-handling-dominicana-lexpertise-au-service-des-vols-dexception\/","name":"Samsic Handling Dominicana : L'expertise au service des vols d'exception | Samsic aero","isPartOf":{"@id":"https:\/\/www.samsic.aero\/fr\/#website"},"primaryImageOfPage":{"@id":"https:\/\/www.samsic.aero\/fr\/news\/samsic-handling-dominicana-lexpertise-au-service-des-vols-dexception\/#primaryimage"},"image":{"@id":"https:\/\/www.samsic.aero\/fr\/news\/samsic-handling-dominicana-lexpertise-au-service-des-vols-dexception\/#primaryimage"},"thumbnailUrl":"https:\/\/www.samsic.aero\/wp-content\/uploads\/2025\/04\/VISUELS-BLOG-3-1.png","datePublished":"2025-02-18T08:09:12+00:00","dateModified":"2025-04-15T07:09:34+00:00","breadcrumb":{"@id":"https:\/\/www.samsic.aero\/fr\/news\/samsic-handling-dominicana-lexpertise-au-service-des-vols-dexception\/#breadcrumb"},"inLanguage":"fr-FR","potentialAction":[{"@type":"ReadAction","target":["https:\/\/www.samsic.aero\/fr\/news\/samsic-handling-dominicana-lexpertise-au-service-des-vols-dexception\/"]}]},{"@type":"ImageObject","inLanguage":"fr-FR","@id":"https:\/\/www.samsic.aero\/fr\/news\/samsic-handling-dominicana-lexpertise-au-service-des-vols-dexception\/#primaryimage","url":"https:\/\/www.samsic.aero\/wp-content\/uploads\/2025\/04\/VISUELS-BLOG-3-1.png","contentUrl":"https:\/\/www.samsic.aero\/wp-content\/uploads\/2025\/04\/VISUELS-BLOG-3-1.png","width":600,"height":600},{"@type":"BreadcrumbList","@id":"https:\/\/www.samsic.aero\/fr\/news\/samsic-handling-dominicana-lexpertise-au-service-des-vols-dexception\/#breadcrumb","itemListElement":[{"@type":"ListItem","position":1,"name":"Accueil","item":"https:\/\/www.samsic.aero\/fr\/"},{"@type":"ListItem","position":2,"name":"News","item":"https:\/\/www.samsic.aero\/fr\/news\/"},{"@type":"ListItem","position":3,"name":"Samsic Handling Dominicana : L&#8217;expertise au service des vols d&#8217;exception"}]},{"@type":"WebSite","@id":"https:\/\/www.samsic.aero\/fr\/#website","url":"https:\/\/www.samsic.aero\/fr\/","name":"Samsic aero","description":"","publisher":{"@id":"https:\/\/www.samsic.aero\/fr\/#organization"},"potentialAction":[{"@type":"SearchAction","target":{"@type":"EntryPoint","urlTemplate":"https:\/\/www.samsic.aero\/fr\/?s={search_term_string}"},"query-input":{"@type":"PropertyValueSpecification","valueRequired":true,"valueName":"search_term_string"}}],"inLanguage":"fr-FR"},{"@type":"Organization","@id":"https:\/\/www.samsic.aero\/fr\/#organization","name":"Samsic","url":"https:\/\/www.samsic.aero\/fr\/","logo":{"@type":"ImageObject","inLanguage":"fr-FR","@id":"https:\/\/www.samsic.aero\/fr\/#\/schema\/logo\/image\/","url":"https:\/\/www.samsic.aero\/wp-content\/uploads\/2023\/04\/Samsic-1.jpg","contentUrl":"https:\/\/www.samsic.aero\/wp-content\/uploads\/2023\/04\/Samsic-1.jpg","width":150,"height":150,"caption":"Samsic"},"image":{"@id":"https:\/\/www.samsic.aero\/fr\/#\/schema\/logo\/image\/"},"sameAs":["https:\/\/www.linkedin.com\/showcase\/samsicairport\/"]},{"@type":"Person","@id":"https:\/\/www.samsic.aero\/fr\/#\/schema\/person\/5096d6eb74ddbbeba9f8671a1323f0b2","name":"Aur\u00e9lien Le fur","image":{"@type":"ImageObject","inLanguage":"fr-FR","@id":"https:\/\/www.samsic.aero\/fr\/#\/schema\/person\/image\/","url":"https:\/\/secure.gravatar.com\/avatar\/15a6e78e1755156d60c89e4652876a1b5a155b9e5fe6bf6b322ea7aa7bd98e5e?s=96&d=mm&r=g","contentUrl":"https:\/\/secure.gravatar.com\/avatar\/15a6e78e1755156d60c89e4652876a1b5a155b9e5fe6bf6b322ea7aa7bd98e5e?s=96&d=mm&r=g","caption":"Aur\u00e9lien Le fur"}}]}},"_links":{"self":[{"href":"https:\/\/www.samsic.aero\/fr\/wp-json\/wp\/v2\/posts\/5343","targetHints":{"allow":["GET"]}}],"collection":[{"href":"https:\/\/www.samsic.aero\/fr\/wp-json\/wp\/v2\/posts"}],"about":[{"href":"https:\/\/www.samsic.aero\/fr\/wp-json\/wp\/v2\/types\/post"}],"author":[{"embeddable":true,"href":"https:\/\/www.samsic.aero\/fr\/wp-json\/wp\/v2\/users\/4"}],"replies":[{"embeddable":true,"href":"https:\/\/www.samsic.aero\/fr\/wp-json\/wp\/v2\/comments?post=5343"}],"version-history":[{"count":1,"href":"https:\/\/www.samsic.aero\/fr\/wp-json\/wp\/v2\/posts\/5343\/revisions"}],"predecessor-version":[{"id":5346,"href":"https:\/\/www.samsic.aero\/fr\/wp-json\/wp\/v2\/posts\/5343\/revisions\/5346"}],"wp:featuredmedia":[{"embeddable":true,"href":"https:\/\/www.samsic.aero\/fr\/wp-json\/wp\/v2\/media\/5344"}],"wp:attachment":[{"href":"https:\/\/www.samsic.aero\/fr\/wp-json\/wp\/v2\/media?parent=5343"}],"wp:term":[{"taxonomy":"category","embeddable":true,"href":"https:\/\/www.samsic.aero\/fr\/wp-json\/wp\/v2\/categories?post=5343"},{"taxonomy":"post_tag","embeddable":true,"href":"https:\/\/www.samsic.aero\/fr\/wp-json\/wp\/v2\/tags?post=5343"}],"curies":[{"name":"wp","href":"https:\/\/api.w.org\/{rel}","templated":true}]}}