{"id":5347,"date":"2025-02-25T09:09:58","date_gmt":"2025-02-25T08:09:58","guid":{"rendered":"https:\/\/www.samsic.aero\/?p=5347"},"modified":"2025-04-15T09:12:04","modified_gmt":"2025-04-15T07:12:04","slug":"airport-elan-de-solidarite-linitiative-lancee-par-nantes-atlantique","status":"publish","type":"post","link":"https:\/\/www.samsic.aero\/fr\/news\/airport-elan-de-solidarite-linitiative-lancee-par-nantes-atlantique\/","title":{"rendered":"[Airport] \u00c9lan de solidarit\u00e9 : l\u2019initiative lanc\u00e9e par Nantes Atlantique"},"content":{"rendered":"<article class=\"w-full text-token-text-primary focus-visible:outline-2 focus-visible:outline-offset-[-4px]\" dir=\"auto\" data-testid=\"conversation-turn-3\" data-scroll-anchor=\"true\">\n<div class=\"m-auto text-base py-[18px] px-6\">\n<div class=\"mx-auto flex flex-1 text-base gap-4 md:gap-5 lg:gap-6 md:max-w-3xl lg:max-w-[40rem] xl:max-w-[48rem]\">\n<div class=\"group\/conversation-turn relative flex w-full min-w-0 flex-col agent-turn @xs\/thread:px-0 @sm\/thread:px-1.5 @md\/thread:px-4\">\n<div class=\"flex-col gap-1 md:gap-3\">\n<div class=\"flex max-w-full flex-col flex-grow\">\n<div class=\"min-h-8 text-message flex w-full flex-col items-end gap-2 whitespace-normal break-words text-start [.text-message+&amp;]:mt-5\" dir=\"auto\" data-message-author-role=\"assistant\" data-message-id=\"dd84f7ad-e131-479c-afce-62eb0c6ecddb\" data-message-model-slug=\"o3-mini-high\">\n<div class=\"flex w-full flex-col gap-1 empty:hidden first:pt-[3px]\">\n<div class=\"markdown prose w-full break-words dark:prose-invert light\">\n<p data-start=\"465\" data-end=\"937\">Au quotidien, les voyageurs doivent se conformer aux r\u00e8gles de s\u00e9curit\u00e9 qui interdisent le transport de certains produits \u00e0 bord ! Cette r\u00e9glementation, n\u00e9cessaire pour garantir la s\u00fbret\u00e9 de tous, entra\u00eene chaque jour la confiscation de nombreux produits.<\/p>\n<p data-start=\"986\" data-end=\"1366\">Plut\u00f4t que de laisser ces produits inutilis\u00e9s, <strong>l\u2019A\u00e9roport Nantes Atlantique<\/strong> a choisi de leur offrir une seconde vie. D\u00e9sormais, les passagers ont la possibilit\u00e9 de d\u00e9cider : soit de les consigner, soit de les offrir en don aux personnes dans le besoin !<\/p>\n<p data-start=\"1368\" data-end=\"1655\">\ud83d\udce3 Gr\u00e2ce \u00e0 cette collaboration, environ<strong> 500 kilos<\/strong> de produits sont redistribu\u00e9s chaque mois, illustrant parfaitement comment un geste simple peut g\u00e9n\u00e9rer un impact positif et durable dans la communaut\u00e9.<\/p>\n<p data-start=\"1685\" data-end=\"2296\">Parmi les contributeurs, on retrouve notamment<strong> SAFESQUARE, GSF, VINCI Airports<\/strong>, et bien s\u00fbr <strong>Les Restos du Coeur \u2764 <\/strong><\/p>\n<p data-start=\"3171\" data-end=\"3389\" data-is-last-node=\"\" data-is-only-node=\"\"><em>Une belle le\u00e7on de solidarit\u00e9 qui montre que, m\u00eame dans les contraintes, il est toujours possible d&#8217;agir pour le bien commun \ud83d\ude4f<\/em><\/p>\n<\/div>\n<\/div>\n<\/div>\n<\/div>\n<\/div>\n<\/div>\n<\/div>\n<\/div>\n<\/article>\n","protected":false},"excerpt":{"rendered":"<p>Au quotidien, les voyageurs doivent se conformer aux r\u00e8gles de s\u00e9curit\u00e9 qui interdisent le transport de certains produits \u00e0 bord &hellip;<\/p>\n","protected":false},"author":4,"featured_media":5348,"comment_status":"closed","ping_status":"closed","sticky":false,"template":"","format":"standard","meta":{"_acf_changed":false,"footnotes":""},"categories":[26],"tags":[],"class_list":["post-5347","post","type-post","status-publish","format-standard","has-post-thumbnail","hentry","category-news"],"acf":[],"yoast_head":"<!-- This site is optimized with the Yoast SEO plugin v26.8 - https:\/\/yoast.com\/product\/yoast-seo-wordpress\/ -->\n<title>[Airport] \u00c9lan de solidarit\u00e9 : l\u2019initiative lanc\u00e9e par Nantes Atlantique | Samsic aero<\/title>\n<meta name=\"robots\" content=\"index, follow, max-snippet:-1, max-image-preview:large, max-video-preview:-1\" \/>\n<link rel=\"canonical\" href=\"https:\/\/www.samsic.aero\/fr\/news\/airport-elan-de-solidarite-linitiative-lancee-par-nantes-atlantique\/\" \/>\n<meta property=\"og:locale\" content=\"fr_FR\" \/>\n<meta property=\"og:type\" content=\"article\" \/>\n<meta property=\"og:title\" content=\"[Airport] \u00c9lan de solidarit\u00e9 : l\u2019initiative lanc\u00e9e par Nantes Atlantique | Samsic aero\" \/>\n<meta property=\"og:description\" content=\"Au quotidien, les voyageurs doivent se conformer aux r\u00e8gles de s\u00e9curit\u00e9 qui interdisent le transport de certains produits \u00e0 bord &hellip;\" \/>\n<meta property=\"og:url\" content=\"https:\/\/www.samsic.aero\/fr\/news\/airport-elan-de-solidarite-linitiative-lancee-par-nantes-atlantique\/\" \/>\n<meta property=\"og:site_name\" content=\"Samsic aero\" \/>\n<meta property=\"article:published_time\" content=\"2025-02-25T08:09:58+00:00\" \/>\n<meta property=\"article:modified_time\" content=\"2025-04-15T07:12:04+00:00\" \/>\n<meta property=\"og:image\" content=\"https:\/\/www.samsic.aero\/wp-content\/uploads\/2025\/04\/VISUELS-BLOG-7-1.png\" \/>\n\t<meta property=\"og:image:width\" content=\"600\" \/>\n\t<meta property=\"og:image:height\" content=\"600\" \/>\n\t<meta property=\"og:image:type\" content=\"image\/png\" \/>\n<meta name=\"author\" content=\"Aur\u00e9lien Le fur\" \/>\n<meta name=\"twitter:card\" content=\"summary_large_image\" \/>\n<meta name=\"twitter:label1\" content=\"Written by\" \/>\n\t<meta name=\"twitter:data1\" content=\"Aur\u00e9lien Le fur\" \/>\n\t<meta name=\"twitter:label2\" content=\"Est. reading time\" \/>\n\t<meta name=\"twitter:data2\" content=\"1 minute\" \/>\n<script type=\"application\/ld+json\" class=\"yoast-schema-graph\">{\"@context\":\"https:\/\/schema.org\",\"@graph\":[{\"@type\":\"Article\",\"@id\":\"https:\/\/www.samsic.aero\/fr\/news\/airport-elan-de-solidarite-linitiative-lancee-par-nantes-atlantique\/#article\",\"isPartOf\":{\"@id\":\"https:\/\/www.samsic.aero\/fr\/news\/airport-elan-de-solidarite-linitiative-lancee-par-nantes-atlantique\/\"},\"author\":{\"name\":\"Aur\u00e9lien Le fur\",\"@id\":\"https:\/\/www.samsic.aero\/fr\/#\/schema\/person\/5096d6eb74ddbbeba9f8671a1323f0b2\"},\"headline\":\"[Airport] \u00c9lan de solidarit\u00e9 : l\u2019initiative lanc\u00e9e par Nantes Atlantique\",\"datePublished\":\"2025-02-25T08:09:58+00:00\",\"dateModified\":\"2025-04-15T07:12:04+00:00\",\"mainEntityOfPage\":{\"@id\":\"https:\/\/www.samsic.aero\/fr\/news\/airport-elan-de-solidarite-linitiative-lancee-par-nantes-atlantique\/\"},\"wordCount\":173,\"publisher\":{\"@id\":\"https:\/\/www.samsic.aero\/fr\/#organization\"},\"image\":{\"@id\":\"https:\/\/www.samsic.aero\/fr\/news\/airport-elan-de-solidarite-linitiative-lancee-par-nantes-atlantique\/#primaryimage\"},\"thumbnailUrl\":\"https:\/\/www.samsic.aero\/wp-content\/uploads\/2025\/04\/VISUELS-BLOG-7-1.png\",\"articleSection\":[\"News\"],\"inLanguage\":\"fr-FR\"},{\"@type\":\"WebPage\",\"@id\":\"https:\/\/www.samsic.aero\/fr\/news\/airport-elan-de-solidarite-linitiative-lancee-par-nantes-atlantique\/\",\"url\":\"https:\/\/www.samsic.aero\/fr\/news\/airport-elan-de-solidarite-linitiative-lancee-par-nantes-atlantique\/\",\"name\":\"[Airport] \u00c9lan de solidarit\u00e9 : l\u2019initiative lanc\u00e9e par Nantes Atlantique | Samsic aero\",\"isPartOf\":{\"@id\":\"https:\/\/www.samsic.aero\/fr\/#website\"},\"primaryImageOfPage\":{\"@id\":\"https:\/\/www.samsic.aero\/fr\/news\/airport-elan-de-solidarite-linitiative-lancee-par-nantes-atlantique\/#primaryimage\"},\"image\":{\"@id\":\"https:\/\/www.samsic.aero\/fr\/news\/airport-elan-de-solidarite-linitiative-lancee-par-nantes-atlantique\/#primaryimage\"},\"thumbnailUrl\":\"https:\/\/www.samsic.aero\/wp-content\/uploads\/2025\/04\/VISUELS-BLOG-7-1.png\",\"datePublished\":\"2025-02-25T08:09:58+00:00\",\"dateModified\":\"2025-04-15T07:12:04+00:00\",\"breadcrumb\":{\"@id\":\"https:\/\/www.samsic.aero\/fr\/news\/airport-elan-de-solidarite-linitiative-lancee-par-nantes-atlantique\/#breadcrumb\"},\"inLanguage\":\"fr-FR\",\"potentialAction\":[{\"@type\":\"ReadAction\",\"target\":[\"https:\/\/www.samsic.aero\/fr\/news\/airport-elan-de-solidarite-linitiative-lancee-par-nantes-atlantique\/\"]}]},{\"@type\":\"ImageObject\",\"inLanguage\":\"fr-FR\",\"@id\":\"https:\/\/www.samsic.aero\/fr\/news\/airport-elan-de-solidarite-linitiative-lancee-par-nantes-atlantique\/#primaryimage\",\"url\":\"https:\/\/www.samsic.aero\/wp-content\/uploads\/2025\/04\/VISUELS-BLOG-7-1.png\",\"contentUrl\":\"https:\/\/www.samsic.aero\/wp-content\/uploads\/2025\/04\/VISUELS-BLOG-7-1.png\",\"width\":600,\"height\":600},{\"@type\":\"BreadcrumbList\",\"@id\":\"https:\/\/www.samsic.aero\/fr\/news\/airport-elan-de-solidarite-linitiative-lancee-par-nantes-atlantique\/#breadcrumb\",\"itemListElement\":[{\"@type\":\"ListItem\",\"position\":1,\"name\":\"Accueil\",\"item\":\"https:\/\/www.samsic.aero\/fr\/\"},{\"@type\":\"ListItem\",\"position\":2,\"name\":\"News\",\"item\":\"https:\/\/www.samsic.aero\/fr\/news\/\"},{\"@type\":\"ListItem\",\"position\":3,\"name\":\"[Airport] \u00c9lan de solidarit\u00e9 : l\u2019initiative lanc\u00e9e par Nantes Atlantique\"}]},{\"@type\":\"WebSite\",\"@id\":\"https:\/\/www.samsic.aero\/fr\/#website\",\"url\":\"https:\/\/www.samsic.aero\/fr\/\",\"name\":\"Samsic aero\",\"description\":\"\",\"publisher\":{\"@id\":\"https:\/\/www.samsic.aero\/fr\/#organization\"},\"potentialAction\":[{\"@type\":\"SearchAction\",\"target\":{\"@type\":\"EntryPoint\",\"urlTemplate\":\"https:\/\/www.samsic.aero\/fr\/?s={search_term_string}\"},\"query-input\":{\"@type\":\"PropertyValueSpecification\",\"valueRequired\":true,\"valueName\":\"search_term_string\"}}],\"inLanguage\":\"fr-FR\"},{\"@type\":\"Organization\",\"@id\":\"https:\/\/www.samsic.aero\/fr\/#organization\",\"name\":\"Samsic\",\"url\":\"https:\/\/www.samsic.aero\/fr\/\",\"logo\":{\"@type\":\"ImageObject\",\"inLanguage\":\"fr-FR\",\"@id\":\"https:\/\/www.samsic.aero\/fr\/#\/schema\/logo\/image\/\",\"url\":\"https:\/\/www.samsic.aero\/wp-content\/uploads\/2023\/04\/Samsic-1.jpg\",\"contentUrl\":\"https:\/\/www.samsic.aero\/wp-content\/uploads\/2023\/04\/Samsic-1.jpg\",\"width\":150,\"height\":150,\"caption\":\"Samsic\"},\"image\":{\"@id\":\"https:\/\/www.samsic.aero\/fr\/#\/schema\/logo\/image\/\"},\"sameAs\":[\"https:\/\/www.linkedin.com\/showcase\/samsicairport\/\"]},{\"@type\":\"Person\",\"@id\":\"https:\/\/www.samsic.aero\/fr\/#\/schema\/person\/5096d6eb74ddbbeba9f8671a1323f0b2\",\"name\":\"Aur\u00e9lien Le fur\",\"image\":{\"@type\":\"ImageObject\",\"inLanguage\":\"fr-FR\",\"@id\":\"https:\/\/www.samsic.aero\/fr\/#\/schema\/person\/image\/\",\"url\":\"https:\/\/secure.gravatar.com\/avatar\/15a6e78e1755156d60c89e4652876a1b5a155b9e5fe6bf6b322ea7aa7bd98e5e?s=96&d=mm&r=g\",\"contentUrl\":\"https:\/\/secure.gravatar.com\/avatar\/15a6e78e1755156d60c89e4652876a1b5a155b9e5fe6bf6b322ea7aa7bd98e5e?s=96&d=mm&r=g\",\"caption\":\"Aur\u00e9lien Le fur\"}}]}<\/script>\n<!-- \/ Yoast SEO plugin. -->","yoast_head_json":{"title":"[Airport] \u00c9lan de solidarit\u00e9 : l\u2019initiative lanc\u00e9e par Nantes Atlantique | Samsic aero","robots":{"index":"index","follow":"follow","max-snippet":"max-snippet:-1","max-image-preview":"max-image-preview:large","max-video-preview":"max-video-preview:-1"},"canonical":"https:\/\/www.samsic.aero\/fr\/news\/airport-elan-de-solidarite-linitiative-lancee-par-nantes-atlantique\/","og_locale":"fr_FR","og_type":"article","og_title":"[Airport] \u00c9lan de solidarit\u00e9 : l\u2019initiative lanc\u00e9e par Nantes Atlantique | Samsic aero","og_description":"Au quotidien, les voyageurs doivent se conformer aux r\u00e8gles de s\u00e9curit\u00e9 qui interdisent le transport de certains produits \u00e0 bord &hellip;","og_url":"https:\/\/www.samsic.aero\/fr\/news\/airport-elan-de-solidarite-linitiative-lancee-par-nantes-atlantique\/","og_site_name":"Samsic aero","article_published_time":"2025-02-25T08:09:58+00:00","article_modified_time":"2025-04-15T07:12:04+00:00","og_image":[{"width":600,"height":600,"url":"https:\/\/www.samsic.aero\/wp-content\/uploads\/2025\/04\/VISUELS-BLOG-7-1.png","type":"image\/png"}],"author":"Aur\u00e9lien Le fur","twitter_card":"summary_large_image","twitter_misc":{"Written by":"Aur\u00e9lien Le fur","Est. reading time":"1 minute"},"schema":{"@context":"https:\/\/schema.org","@graph":[{"@type":"Article","@id":"https:\/\/www.samsic.aero\/fr\/news\/airport-elan-de-solidarite-linitiative-lancee-par-nantes-atlantique\/#article","isPartOf":{"@id":"https:\/\/www.samsic.aero\/fr\/news\/airport-elan-de-solidarite-linitiative-lancee-par-nantes-atlantique\/"},"author":{"name":"Aur\u00e9lien Le fur","@id":"https:\/\/www.samsic.aero\/fr\/#\/schema\/person\/5096d6eb74ddbbeba9f8671a1323f0b2"},"headline":"[Airport] \u00c9lan de solidarit\u00e9 : l\u2019initiative lanc\u00e9e par Nantes Atlantique","datePublished":"2025-02-25T08:09:58+00:00","dateModified":"2025-04-15T07:12:04+00:00","mainEntityOfPage":{"@id":"https:\/\/www.samsic.aero\/fr\/news\/airport-elan-de-solidarite-linitiative-lancee-par-nantes-atlantique\/"},"wordCount":173,"publisher":{"@id":"https:\/\/www.samsic.aero\/fr\/#organization"},"image":{"@id":"https:\/\/www.samsic.aero\/fr\/news\/airport-elan-de-solidarite-linitiative-lancee-par-nantes-atlantique\/#primaryimage"},"thumbnailUrl":"https:\/\/www.samsic.aero\/wp-content\/uploads\/2025\/04\/VISUELS-BLOG-7-1.png","articleSection":["News"],"inLanguage":"fr-FR"},{"@type":"WebPage","@id":"https:\/\/www.samsic.aero\/fr\/news\/airport-elan-de-solidarite-linitiative-lancee-par-nantes-atlantique\/","url":"https:\/\/www.samsic.aero\/fr\/news\/airport-elan-de-solidarite-linitiative-lancee-par-nantes-atlantique\/","name":"[Airport] \u00c9lan de solidarit\u00e9 : l\u2019initiative lanc\u00e9e par Nantes Atlantique | Samsic aero","isPartOf":{"@id":"https:\/\/www.samsic.aero\/fr\/#website"},"primaryImageOfPage":{"@id":"https:\/\/www.samsic.aero\/fr\/news\/airport-elan-de-solidarite-linitiative-lancee-par-nantes-atlantique\/#primaryimage"},"image":{"@id":"https:\/\/www.samsic.aero\/fr\/news\/airport-elan-de-solidarite-linitiative-lancee-par-nantes-atlantique\/#primaryimage"},"thumbnailUrl":"https:\/\/www.samsic.aero\/wp-content\/uploads\/2025\/04\/VISUELS-BLOG-7-1.png","datePublished":"2025-02-25T08:09:58+00:00","dateModified":"2025-04-15T07:12:04+00:00","breadcrumb":{"@id":"https:\/\/www.samsic.aero\/fr\/news\/airport-elan-de-solidarite-linitiative-lancee-par-nantes-atlantique\/#breadcrumb"},"inLanguage":"fr-FR","potentialAction":[{"@type":"ReadAction","target":["https:\/\/www.samsic.aero\/fr\/news\/airport-elan-de-solidarite-linitiative-lancee-par-nantes-atlantique\/"]}]},{"@type":"ImageObject","inLanguage":"fr-FR","@id":"https:\/\/www.samsic.aero\/fr\/news\/airport-elan-de-solidarite-linitiative-lancee-par-nantes-atlantique\/#primaryimage","url":"https:\/\/www.samsic.aero\/wp-content\/uploads\/2025\/04\/VISUELS-BLOG-7-1.png","contentUrl":"https:\/\/www.samsic.aero\/wp-content\/uploads\/2025\/04\/VISUELS-BLOG-7-1.png","width":600,"height":600},{"@type":"BreadcrumbList","@id":"https:\/\/www.samsic.aero\/fr\/news\/airport-elan-de-solidarite-linitiative-lancee-par-nantes-atlantique\/#breadcrumb","itemListElement":[{"@type":"ListItem","position":1,"name":"Accueil","item":"https:\/\/www.samsic.aero\/fr\/"},{"@type":"ListItem","position":2,"name":"News","item":"https:\/\/www.samsic.aero\/fr\/news\/"},{"@type":"ListItem","position":3,"name":"[Airport] \u00c9lan de solidarit\u00e9 : l\u2019initiative lanc\u00e9e par Nantes Atlantique"}]},{"@type":"WebSite","@id":"https:\/\/www.samsic.aero\/fr\/#website","url":"https:\/\/www.samsic.aero\/fr\/","name":"Samsic aero","description":"","publisher":{"@id":"https:\/\/www.samsic.aero\/fr\/#organization"},"potentialAction":[{"@type":"SearchAction","target":{"@type":"EntryPoint","urlTemplate":"https:\/\/www.samsic.aero\/fr\/?s={search_term_string}"},"query-input":{"@type":"PropertyValueSpecification","valueRequired":true,"valueName":"search_term_string"}}],"inLanguage":"fr-FR"},{"@type":"Organization","@id":"https:\/\/www.samsic.aero\/fr\/#organization","name":"Samsic","url":"https:\/\/www.samsic.aero\/fr\/","logo":{"@type":"ImageObject","inLanguage":"fr-FR","@id":"https:\/\/www.samsic.aero\/fr\/#\/schema\/logo\/image\/","url":"https:\/\/www.samsic.aero\/wp-content\/uploads\/2023\/04\/Samsic-1.jpg","contentUrl":"https:\/\/www.samsic.aero\/wp-content\/uploads\/2023\/04\/Samsic-1.jpg","width":150,"height":150,"caption":"Samsic"},"image":{"@id":"https:\/\/www.samsic.aero\/fr\/#\/schema\/logo\/image\/"},"sameAs":["https:\/\/www.linkedin.com\/showcase\/samsicairport\/"]},{"@type":"Person","@id":"https:\/\/www.samsic.aero\/fr\/#\/schema\/person\/5096d6eb74ddbbeba9f8671a1323f0b2","name":"Aur\u00e9lien Le fur","image":{"@type":"ImageObject","inLanguage":"fr-FR","@id":"https:\/\/www.samsic.aero\/fr\/#\/schema\/person\/image\/","url":"https:\/\/secure.gravatar.com\/avatar\/15a6e78e1755156d60c89e4652876a1b5a155b9e5fe6bf6b322ea7aa7bd98e5e?s=96&d=mm&r=g","contentUrl":"https:\/\/secure.gravatar.com\/avatar\/15a6e78e1755156d60c89e4652876a1b5a155b9e5fe6bf6b322ea7aa7bd98e5e?s=96&d=mm&r=g","caption":"Aur\u00e9lien Le fur"}}]}},"_links":{"self":[{"href":"https:\/\/www.samsic.aero\/fr\/wp-json\/wp\/v2\/posts\/5347","targetHints":{"allow":["GET"]}}],"collection":[{"href":"https:\/\/www.samsic.aero\/fr\/wp-json\/wp\/v2\/posts"}],"about":[{"href":"https:\/\/www.samsic.aero\/fr\/wp-json\/wp\/v2\/types\/post"}],"author":[{"embeddable":true,"href":"https:\/\/www.samsic.aero\/fr\/wp-json\/wp\/v2\/users\/4"}],"replies":[{"embeddable":true,"href":"https:\/\/www.samsic.aero\/fr\/wp-json\/wp\/v2\/comments?post=5347"}],"version-history":[{"count":1,"href":"https:\/\/www.samsic.aero\/fr\/wp-json\/wp\/v2\/posts\/5347\/revisions"}],"predecessor-version":[{"id":5350,"href":"https:\/\/www.samsic.aero\/fr\/wp-json\/wp\/v2\/posts\/5347\/revisions\/5350"}],"wp:featuredmedia":[{"embeddable":true,"href":"https:\/\/www.samsic.aero\/fr\/wp-json\/wp\/v2\/media\/5348"}],"wp:attachment":[{"href":"https:\/\/www.samsic.aero\/fr\/wp-json\/wp\/v2\/media?parent=5347"}],"wp:term":[{"taxonomy":"category","embeddable":true,"href":"https:\/\/www.samsic.aero\/fr\/wp-json\/wp\/v2\/categories?post=5347"},{"taxonomy":"post_tag","embeddable":true,"href":"https:\/\/www.samsic.aero\/fr\/wp-json\/wp\/v2\/tags?post=5347"}],"curies":[{"name":"wp","href":"https:\/\/api.w.org\/{rel}","templated":true}]}}