{"id":5351,"date":"2025-03-05T09:14:25","date_gmt":"2025-03-05T08:14:25","guid":{"rendered":"https:\/\/www.samsic.aero\/?p=5351"},"modified":"2025-04-15T09:16:11","modified_gmt":"2025-04-15T07:16:11","slug":"airport-sky-partner-x-transavia-un-nouveau-cap-ensemble","status":"publish","type":"post","link":"https:\/\/www.samsic.aero\/fr\/news\/airport-sky-partner-x-transavia-un-nouveau-cap-ensemble\/","title":{"rendered":"[Airport] SKY PARTNER x Transavia : un nouveau cap ensemble !"},"content":{"rendered":"<p>Apr\u00e8s une premi\u00e8re collaboration entre 2017 et 2021 sur la ligne Belgrade \u2013 Amsterdam, Transavia nous renouvelle sa confiance.<\/p>\n<p data-start=\"701\" data-end=\"986\">Ce partenariat renforce la position de <strong data-start=\"740\" data-end=\"755\">SKY PARTNER<\/strong> comme un acteur cl\u00e9 du secteur, reconnu pour la qualit\u00e9 et la fiabilit\u00e9 de ses \u00e9quipes. Dans un march\u00e9 exigeant, cette collaboration illustre notre capacit\u00e9 \u00e0 r\u00e9pondre aux attentes des compagnies a\u00e9riennes en qu\u00eate d\u2019excellence.<\/p>\n<p data-start=\"701\" data-end=\"986\">Nous b\u00e2tissons des relations durables, et ce renouvellement t\u00e9moigne de notre engagement \u00e0 \u00eatre un partenaire de confiance. Un immense merci \u00e0 <a class=\"wkQoCItOvqHdCRxuwKdNtGbXtUZMSMuRJlBQg \" href=\"https:\/\/www.linkedin.com\/company\/transavia\/\" target=\"_self\" data-test-app-aware-link=\"\">Transavia<\/a> pour cette confiance renouvel\u00e9e !<\/p>\n<article class=\"w-full text-token-text-primary focus-visible:outline-2 focus-visible:outline-offset-[-4px]\" dir=\"auto\" data-testid=\"conversation-turn-3\" data-scroll-anchor=\"true\">\n<div class=\"m-auto text-base py-[18px] px-6\">\n<div class=\"mx-auto flex flex-1 text-base gap-4 md:gap-5 lg:gap-6 md:max-w-3xl lg:max-w-[40rem] xl:max-w-[48rem]\">\n<div class=\"group\/conversation-turn relative flex w-full min-w-0 flex-col agent-turn @xs\/thread:px-0 @sm\/thread:px-1.5 @md\/thread:px-4\">\n<div class=\"flex-col gap-1 md:gap-3\">\n<div class=\"flex max-w-full flex-col flex-grow\">\n<div class=\"min-h-8 text-message relative flex w-full flex-col items-end gap-2 whitespace-normal break-words text-start [.text-message+&amp;]:mt-5\" dir=\"auto\" data-message-author-role=\"assistant\" data-message-id=\"bd5327d5-71d5-4cbd-81e6-b4cffb7bbbe2\" data-message-model-slug=\"gpt-4o\">\n<div class=\"flex w-full flex-col gap-1 empty:hidden first:pt-[3px]\">\n<div class=\"markdown prose w-full break-words dark:prose-invert light\">\n<p data-start=\"1285\" data-end=\"1350\" data-is-last-node=\"\" data-is-only-node=\"\">\ud83d\udccd <strong data-start=\"1288\" data-end=\"1347\">Ensemble, nous mettons le cap vers de nouveaux succ\u00e8s !<\/strong><\/p>\n<\/div>\n<\/div>\n<\/div>\n<\/div>\n<\/div>\n<\/div>\n<\/div>\n<\/div>\n<\/article>\n","protected":false},"excerpt":{"rendered":"<p>Apr\u00e8s une premi\u00e8re collaboration entre 2017 et 2021 sur la ligne Belgrade \u2013 Amsterdam, Transavia nous renouvelle sa confiance. Ce &hellip;<\/p>\n","protected":false},"author":4,"featured_media":5352,"comment_status":"closed","ping_status":"closed","sticky":false,"template":"","format":"standard","meta":{"_acf_changed":false,"footnotes":""},"categories":[26],"tags":[],"class_list":["post-5351","post","type-post","status-publish","format-standard","has-post-thumbnail","hentry","category-news"],"acf":[],"yoast_head":"<!-- This site is optimized with the Yoast SEO plugin v26.8 - https:\/\/yoast.com\/product\/yoast-seo-wordpress\/ -->\n<title>[Airport] SKY PARTNER x Transavia : un nouveau cap ensemble ! | Samsic aero<\/title>\n<meta name=\"robots\" content=\"index, follow, max-snippet:-1, max-image-preview:large, max-video-preview:-1\" \/>\n<link rel=\"canonical\" href=\"https:\/\/www.samsic.aero\/fr\/news\/airport-sky-partner-x-transavia-un-nouveau-cap-ensemble\/\" \/>\n<meta property=\"og:locale\" content=\"fr_FR\" \/>\n<meta property=\"og:type\" content=\"article\" \/>\n<meta property=\"og:title\" content=\"[Airport] SKY PARTNER x Transavia : un nouveau cap ensemble ! | Samsic aero\" \/>\n<meta property=\"og:description\" content=\"Apr\u00e8s une premi\u00e8re collaboration entre 2017 et 2021 sur la ligne Belgrade \u2013 Amsterdam, Transavia nous renouvelle sa confiance. Ce &hellip;\" \/>\n<meta property=\"og:url\" content=\"https:\/\/www.samsic.aero\/fr\/news\/airport-sky-partner-x-transavia-un-nouveau-cap-ensemble\/\" \/>\n<meta property=\"og:site_name\" content=\"Samsic aero\" \/>\n<meta property=\"article:published_time\" content=\"2025-03-05T08:14:25+00:00\" \/>\n<meta property=\"article:modified_time\" content=\"2025-04-15T07:16:11+00:00\" \/>\n<meta property=\"og:image\" content=\"https:\/\/www.samsic.aero\/wp-content\/uploads\/2025\/04\/VISUELS-BLOG-5.png\" \/>\n\t<meta property=\"og:image:width\" content=\"600\" \/>\n\t<meta property=\"og:image:height\" content=\"600\" \/>\n\t<meta property=\"og:image:type\" content=\"image\/png\" \/>\n<meta name=\"author\" content=\"Aur\u00e9lien Le fur\" \/>\n<meta name=\"twitter:card\" content=\"summary_large_image\" \/>\n<meta name=\"twitter:label1\" content=\"Written by\" \/>\n\t<meta name=\"twitter:data1\" content=\"Aur\u00e9lien Le fur\" \/>\n\t<meta name=\"twitter:label2\" content=\"Est. reading time\" \/>\n\t<meta name=\"twitter:data2\" content=\"1 minute\" \/>\n<script type=\"application\/ld+json\" class=\"yoast-schema-graph\">{\"@context\":\"https:\/\/schema.org\",\"@graph\":[{\"@type\":\"Article\",\"@id\":\"https:\/\/www.samsic.aero\/fr\/news\/airport-sky-partner-x-transavia-un-nouveau-cap-ensemble\/#article\",\"isPartOf\":{\"@id\":\"https:\/\/www.samsic.aero\/fr\/news\/airport-sky-partner-x-transavia-un-nouveau-cap-ensemble\/\"},\"author\":{\"name\":\"Aur\u00e9lien Le fur\",\"@id\":\"https:\/\/www.samsic.aero\/fr\/#\/schema\/person\/5096d6eb74ddbbeba9f8671a1323f0b2\"},\"headline\":\"[Airport] SKY PARTNER x Transavia : un nouveau cap ensemble !\",\"datePublished\":\"2025-03-05T08:14:25+00:00\",\"dateModified\":\"2025-04-15T07:16:11+00:00\",\"mainEntityOfPage\":{\"@id\":\"https:\/\/www.samsic.aero\/fr\/news\/airport-sky-partner-x-transavia-un-nouveau-cap-ensemble\/\"},\"wordCount\":111,\"publisher\":{\"@id\":\"https:\/\/www.samsic.aero\/fr\/#organization\"},\"image\":{\"@id\":\"https:\/\/www.samsic.aero\/fr\/news\/airport-sky-partner-x-transavia-un-nouveau-cap-ensemble\/#primaryimage\"},\"thumbnailUrl\":\"https:\/\/www.samsic.aero\/wp-content\/uploads\/2025\/04\/VISUELS-BLOG-5.png\",\"articleSection\":[\"News\"],\"inLanguage\":\"fr-FR\"},{\"@type\":\"WebPage\",\"@id\":\"https:\/\/www.samsic.aero\/fr\/news\/airport-sky-partner-x-transavia-un-nouveau-cap-ensemble\/\",\"url\":\"https:\/\/www.samsic.aero\/fr\/news\/airport-sky-partner-x-transavia-un-nouveau-cap-ensemble\/\",\"name\":\"[Airport] SKY PARTNER x Transavia : un nouveau cap ensemble ! | Samsic aero\",\"isPartOf\":{\"@id\":\"https:\/\/www.samsic.aero\/fr\/#website\"},\"primaryImageOfPage\":{\"@id\":\"https:\/\/www.samsic.aero\/fr\/news\/airport-sky-partner-x-transavia-un-nouveau-cap-ensemble\/#primaryimage\"},\"image\":{\"@id\":\"https:\/\/www.samsic.aero\/fr\/news\/airport-sky-partner-x-transavia-un-nouveau-cap-ensemble\/#primaryimage\"},\"thumbnailUrl\":\"https:\/\/www.samsic.aero\/wp-content\/uploads\/2025\/04\/VISUELS-BLOG-5.png\",\"datePublished\":\"2025-03-05T08:14:25+00:00\",\"dateModified\":\"2025-04-15T07:16:11+00:00\",\"breadcrumb\":{\"@id\":\"https:\/\/www.samsic.aero\/fr\/news\/airport-sky-partner-x-transavia-un-nouveau-cap-ensemble\/#breadcrumb\"},\"inLanguage\":\"fr-FR\",\"potentialAction\":[{\"@type\":\"ReadAction\",\"target\":[\"https:\/\/www.samsic.aero\/fr\/news\/airport-sky-partner-x-transavia-un-nouveau-cap-ensemble\/\"]}]},{\"@type\":\"ImageObject\",\"inLanguage\":\"fr-FR\",\"@id\":\"https:\/\/www.samsic.aero\/fr\/news\/airport-sky-partner-x-transavia-un-nouveau-cap-ensemble\/#primaryimage\",\"url\":\"https:\/\/www.samsic.aero\/wp-content\/uploads\/2025\/04\/VISUELS-BLOG-5.png\",\"contentUrl\":\"https:\/\/www.samsic.aero\/wp-content\/uploads\/2025\/04\/VISUELS-BLOG-5.png\",\"width\":600,\"height\":600},{\"@type\":\"BreadcrumbList\",\"@id\":\"https:\/\/www.samsic.aero\/fr\/news\/airport-sky-partner-x-transavia-un-nouveau-cap-ensemble\/#breadcrumb\",\"itemListElement\":[{\"@type\":\"ListItem\",\"position\":1,\"name\":\"Accueil\",\"item\":\"https:\/\/www.samsic.aero\/fr\/\"},{\"@type\":\"ListItem\",\"position\":2,\"name\":\"News\",\"item\":\"https:\/\/www.samsic.aero\/fr\/news\/\"},{\"@type\":\"ListItem\",\"position\":3,\"name\":\"[Airport] SKY PARTNER x Transavia : un nouveau cap ensemble !\"}]},{\"@type\":\"WebSite\",\"@id\":\"https:\/\/www.samsic.aero\/fr\/#website\",\"url\":\"https:\/\/www.samsic.aero\/fr\/\",\"name\":\"Samsic aero\",\"description\":\"\",\"publisher\":{\"@id\":\"https:\/\/www.samsic.aero\/fr\/#organization\"},\"potentialAction\":[{\"@type\":\"SearchAction\",\"target\":{\"@type\":\"EntryPoint\",\"urlTemplate\":\"https:\/\/www.samsic.aero\/fr\/?s={search_term_string}\"},\"query-input\":{\"@type\":\"PropertyValueSpecification\",\"valueRequired\":true,\"valueName\":\"search_term_string\"}}],\"inLanguage\":\"fr-FR\"},{\"@type\":\"Organization\",\"@id\":\"https:\/\/www.samsic.aero\/fr\/#organization\",\"name\":\"Samsic\",\"url\":\"https:\/\/www.samsic.aero\/fr\/\",\"logo\":{\"@type\":\"ImageObject\",\"inLanguage\":\"fr-FR\",\"@id\":\"https:\/\/www.samsic.aero\/fr\/#\/schema\/logo\/image\/\",\"url\":\"https:\/\/www.samsic.aero\/wp-content\/uploads\/2023\/04\/Samsic-1.jpg\",\"contentUrl\":\"https:\/\/www.samsic.aero\/wp-content\/uploads\/2023\/04\/Samsic-1.jpg\",\"width\":150,\"height\":150,\"caption\":\"Samsic\"},\"image\":{\"@id\":\"https:\/\/www.samsic.aero\/fr\/#\/schema\/logo\/image\/\"},\"sameAs\":[\"https:\/\/www.linkedin.com\/showcase\/samsicairport\/\"]},{\"@type\":\"Person\",\"@id\":\"https:\/\/www.samsic.aero\/fr\/#\/schema\/person\/5096d6eb74ddbbeba9f8671a1323f0b2\",\"name\":\"Aur\u00e9lien Le fur\",\"image\":{\"@type\":\"ImageObject\",\"inLanguage\":\"fr-FR\",\"@id\":\"https:\/\/www.samsic.aero\/fr\/#\/schema\/person\/image\/\",\"url\":\"https:\/\/secure.gravatar.com\/avatar\/15a6e78e1755156d60c89e4652876a1b5a155b9e5fe6bf6b322ea7aa7bd98e5e?s=96&d=mm&r=g\",\"contentUrl\":\"https:\/\/secure.gravatar.com\/avatar\/15a6e78e1755156d60c89e4652876a1b5a155b9e5fe6bf6b322ea7aa7bd98e5e?s=96&d=mm&r=g\",\"caption\":\"Aur\u00e9lien Le fur\"}}]}<\/script>\n<!-- \/ Yoast SEO plugin. -->","yoast_head_json":{"title":"[Airport] SKY PARTNER x Transavia : un nouveau cap ensemble ! | Samsic aero","robots":{"index":"index","follow":"follow","max-snippet":"max-snippet:-1","max-image-preview":"max-image-preview:large","max-video-preview":"max-video-preview:-1"},"canonical":"https:\/\/www.samsic.aero\/fr\/news\/airport-sky-partner-x-transavia-un-nouveau-cap-ensemble\/","og_locale":"fr_FR","og_type":"article","og_title":"[Airport] SKY PARTNER x Transavia : un nouveau cap ensemble ! | Samsic aero","og_description":"Apr\u00e8s une premi\u00e8re collaboration entre 2017 et 2021 sur la ligne Belgrade \u2013 Amsterdam, Transavia nous renouvelle sa confiance. Ce &hellip;","og_url":"https:\/\/www.samsic.aero\/fr\/news\/airport-sky-partner-x-transavia-un-nouveau-cap-ensemble\/","og_site_name":"Samsic aero","article_published_time":"2025-03-05T08:14:25+00:00","article_modified_time":"2025-04-15T07:16:11+00:00","og_image":[{"width":600,"height":600,"url":"https:\/\/www.samsic.aero\/wp-content\/uploads\/2025\/04\/VISUELS-BLOG-5.png","type":"image\/png"}],"author":"Aur\u00e9lien Le fur","twitter_card":"summary_large_image","twitter_misc":{"Written by":"Aur\u00e9lien Le fur","Est. reading time":"1 minute"},"schema":{"@context":"https:\/\/schema.org","@graph":[{"@type":"Article","@id":"https:\/\/www.samsic.aero\/fr\/news\/airport-sky-partner-x-transavia-un-nouveau-cap-ensemble\/#article","isPartOf":{"@id":"https:\/\/www.samsic.aero\/fr\/news\/airport-sky-partner-x-transavia-un-nouveau-cap-ensemble\/"},"author":{"name":"Aur\u00e9lien Le fur","@id":"https:\/\/www.samsic.aero\/fr\/#\/schema\/person\/5096d6eb74ddbbeba9f8671a1323f0b2"},"headline":"[Airport] SKY PARTNER x Transavia : un nouveau cap ensemble !","datePublished":"2025-03-05T08:14:25+00:00","dateModified":"2025-04-15T07:16:11+00:00","mainEntityOfPage":{"@id":"https:\/\/www.samsic.aero\/fr\/news\/airport-sky-partner-x-transavia-un-nouveau-cap-ensemble\/"},"wordCount":111,"publisher":{"@id":"https:\/\/www.samsic.aero\/fr\/#organization"},"image":{"@id":"https:\/\/www.samsic.aero\/fr\/news\/airport-sky-partner-x-transavia-un-nouveau-cap-ensemble\/#primaryimage"},"thumbnailUrl":"https:\/\/www.samsic.aero\/wp-content\/uploads\/2025\/04\/VISUELS-BLOG-5.png","articleSection":["News"],"inLanguage":"fr-FR"},{"@type":"WebPage","@id":"https:\/\/www.samsic.aero\/fr\/news\/airport-sky-partner-x-transavia-un-nouveau-cap-ensemble\/","url":"https:\/\/www.samsic.aero\/fr\/news\/airport-sky-partner-x-transavia-un-nouveau-cap-ensemble\/","name":"[Airport] SKY PARTNER x Transavia : un nouveau cap ensemble ! | Samsic aero","isPartOf":{"@id":"https:\/\/www.samsic.aero\/fr\/#website"},"primaryImageOfPage":{"@id":"https:\/\/www.samsic.aero\/fr\/news\/airport-sky-partner-x-transavia-un-nouveau-cap-ensemble\/#primaryimage"},"image":{"@id":"https:\/\/www.samsic.aero\/fr\/news\/airport-sky-partner-x-transavia-un-nouveau-cap-ensemble\/#primaryimage"},"thumbnailUrl":"https:\/\/www.samsic.aero\/wp-content\/uploads\/2025\/04\/VISUELS-BLOG-5.png","datePublished":"2025-03-05T08:14:25+00:00","dateModified":"2025-04-15T07:16:11+00:00","breadcrumb":{"@id":"https:\/\/www.samsic.aero\/fr\/news\/airport-sky-partner-x-transavia-un-nouveau-cap-ensemble\/#breadcrumb"},"inLanguage":"fr-FR","potentialAction":[{"@type":"ReadAction","target":["https:\/\/www.samsic.aero\/fr\/news\/airport-sky-partner-x-transavia-un-nouveau-cap-ensemble\/"]}]},{"@type":"ImageObject","inLanguage":"fr-FR","@id":"https:\/\/www.samsic.aero\/fr\/news\/airport-sky-partner-x-transavia-un-nouveau-cap-ensemble\/#primaryimage","url":"https:\/\/www.samsic.aero\/wp-content\/uploads\/2025\/04\/VISUELS-BLOG-5.png","contentUrl":"https:\/\/www.samsic.aero\/wp-content\/uploads\/2025\/04\/VISUELS-BLOG-5.png","width":600,"height":600},{"@type":"BreadcrumbList","@id":"https:\/\/www.samsic.aero\/fr\/news\/airport-sky-partner-x-transavia-un-nouveau-cap-ensemble\/#breadcrumb","itemListElement":[{"@type":"ListItem","position":1,"name":"Accueil","item":"https:\/\/www.samsic.aero\/fr\/"},{"@type":"ListItem","position":2,"name":"News","item":"https:\/\/www.samsic.aero\/fr\/news\/"},{"@type":"ListItem","position":3,"name":"[Airport] SKY PARTNER x Transavia : un nouveau cap ensemble !"}]},{"@type":"WebSite","@id":"https:\/\/www.samsic.aero\/fr\/#website","url":"https:\/\/www.samsic.aero\/fr\/","name":"Samsic aero","description":"","publisher":{"@id":"https:\/\/www.samsic.aero\/fr\/#organization"},"potentialAction":[{"@type":"SearchAction","target":{"@type":"EntryPoint","urlTemplate":"https:\/\/www.samsic.aero\/fr\/?s={search_term_string}"},"query-input":{"@type":"PropertyValueSpecification","valueRequired":true,"valueName":"search_term_string"}}],"inLanguage":"fr-FR"},{"@type":"Organization","@id":"https:\/\/www.samsic.aero\/fr\/#organization","name":"Samsic","url":"https:\/\/www.samsic.aero\/fr\/","logo":{"@type":"ImageObject","inLanguage":"fr-FR","@id":"https:\/\/www.samsic.aero\/fr\/#\/schema\/logo\/image\/","url":"https:\/\/www.samsic.aero\/wp-content\/uploads\/2023\/04\/Samsic-1.jpg","contentUrl":"https:\/\/www.samsic.aero\/wp-content\/uploads\/2023\/04\/Samsic-1.jpg","width":150,"height":150,"caption":"Samsic"},"image":{"@id":"https:\/\/www.samsic.aero\/fr\/#\/schema\/logo\/image\/"},"sameAs":["https:\/\/www.linkedin.com\/showcase\/samsicairport\/"]},{"@type":"Person","@id":"https:\/\/www.samsic.aero\/fr\/#\/schema\/person\/5096d6eb74ddbbeba9f8671a1323f0b2","name":"Aur\u00e9lien Le fur","image":{"@type":"ImageObject","inLanguage":"fr-FR","@id":"https:\/\/www.samsic.aero\/fr\/#\/schema\/person\/image\/","url":"https:\/\/secure.gravatar.com\/avatar\/15a6e78e1755156d60c89e4652876a1b5a155b9e5fe6bf6b322ea7aa7bd98e5e?s=96&d=mm&r=g","contentUrl":"https:\/\/secure.gravatar.com\/avatar\/15a6e78e1755156d60c89e4652876a1b5a155b9e5fe6bf6b322ea7aa7bd98e5e?s=96&d=mm&r=g","caption":"Aur\u00e9lien Le fur"}}]}},"_links":{"self":[{"href":"https:\/\/www.samsic.aero\/fr\/wp-json\/wp\/v2\/posts\/5351","targetHints":{"allow":["GET"]}}],"collection":[{"href":"https:\/\/www.samsic.aero\/fr\/wp-json\/wp\/v2\/posts"}],"about":[{"href":"https:\/\/www.samsic.aero\/fr\/wp-json\/wp\/v2\/types\/post"}],"author":[{"embeddable":true,"href":"https:\/\/www.samsic.aero\/fr\/wp-json\/wp\/v2\/users\/4"}],"replies":[{"embeddable":true,"href":"https:\/\/www.samsic.aero\/fr\/wp-json\/wp\/v2\/comments?post=5351"}],"version-history":[{"count":1,"href":"https:\/\/www.samsic.aero\/fr\/wp-json\/wp\/v2\/posts\/5351\/revisions"}],"predecessor-version":[{"id":5354,"href":"https:\/\/www.samsic.aero\/fr\/wp-json\/wp\/v2\/posts\/5351\/revisions\/5354"}],"wp:featuredmedia":[{"embeddable":true,"href":"https:\/\/www.samsic.aero\/fr\/wp-json\/wp\/v2\/media\/5352"}],"wp:attachment":[{"href":"https:\/\/www.samsic.aero\/fr\/wp-json\/wp\/v2\/media?parent=5351"}],"wp:term":[{"taxonomy":"category","embeddable":true,"href":"https:\/\/www.samsic.aero\/fr\/wp-json\/wp\/v2\/categories?post=5351"},{"taxonomy":"post_tag","embeddable":true,"href":"https:\/\/www.samsic.aero\/fr\/wp-json\/wp\/v2\/tags?post=5351"}],"curies":[{"name":"wp","href":"https:\/\/api.w.org\/{rel}","templated":true}]}}