{"id":5355,"date":"2025-03-06T09:16:29","date_gmt":"2025-03-06T08:16:29","guid":{"rendered":"https:\/\/www.samsic.aero\/?p=5355"},"modified":"2025-04-15T09:33:31","modified_gmt":"2025-04-15T07:33:31","slug":"airport-une-nouvelle-equipe-cynotechnique-a-laeroport-de-rennes-%e2%9c%88","status":"publish","type":"post","link":"https:\/\/www.samsic.aero\/fr\/news\/airport-une-nouvelle-equipe-cynotechnique-a-laeroport-de-rennes-%e2%9c%88\/","title":{"rendered":"[Airport] Une nouvelle \u00e9quipe cynotechnique \u00e0 l&#8217;a\u00e9roport de Rennes \u2708"},"content":{"rendered":"<p>&nbsp;<\/p>\n<p style=\"text-align: center;\">D\u00e9couvrez leur quotidien et leur m\u00e9thode de travail dans ce nouveau num\u00e9ro du <strong>Journal de Bord de la SEARD \ud83d\udc47<br \/>\n<\/strong><\/p>\n<p class=\"text-center\"><img loading=\"lazy\" decoding=\"async\" class=\"aligncenter wp-image-5357 size-full\" src=\"https:\/\/www.samsic.aero\/wp-content\/uploads\/2025\/03\/image006.png\" alt=\"\" width=\"848\" height=\"725\" srcset=\"https:\/\/www.samsic.aero\/wp-content\/uploads\/2025\/03\/image006.png 848w, https:\/\/www.samsic.aero\/wp-content\/uploads\/2025\/03\/image006-300x256.png 300w, https:\/\/www.samsic.aero\/wp-content\/uploads\/2025\/03\/image006-768x657.png 768w, https:\/\/www.samsic.aero\/wp-content\/uploads\/2025\/03\/image006-117x100.png 117w\" sizes=\"(max-width: 848px) 100vw, 848px\" \/><\/p>\n<p>&nbsp;<\/p>\n<p>&nbsp;<\/p>\n","protected":false},"excerpt":{"rendered":"<p>&nbsp; D\u00e9couvrez leur quotidien et leur m\u00e9thode de travail dans ce nouveau num\u00e9ro du Journal de Bord de la SEARD &hellip;<\/p>\n","protected":false},"author":4,"featured_media":0,"comment_status":"closed","ping_status":"closed","sticky":false,"template":"","format":"standard","meta":{"_acf_changed":false,"footnotes":""},"categories":[26],"tags":[],"class_list":["post-5355","post","type-post","status-publish","format-standard","hentry","category-news"],"acf":[],"yoast_head":"<!-- This site is optimized with the Yoast SEO plugin v26.8 - https:\/\/yoast.com\/product\/yoast-seo-wordpress\/ -->\n<title>[Airport] Une nouvelle \u00e9quipe cynotechnique \u00e0 l&#039;a\u00e9roport de Rennes \u2708 | Samsic aero<\/title>\n<meta name=\"robots\" content=\"index, follow, max-snippet:-1, max-image-preview:large, max-video-preview:-1\" \/>\n<link rel=\"canonical\" href=\"https:\/\/www.samsic.aero\/fr\/news\/airport-une-nouvelle-equipe-cynotechnique-a-laeroport-de-rennes-%e2%9c%88\/\" \/>\n<meta property=\"og:locale\" content=\"fr_FR\" \/>\n<meta property=\"og:type\" content=\"article\" \/>\n<meta property=\"og:title\" content=\"[Airport] Une nouvelle \u00e9quipe cynotechnique \u00e0 l&#039;a\u00e9roport de Rennes \u2708 | Samsic aero\" \/>\n<meta property=\"og:description\" content=\"&nbsp; D\u00e9couvrez leur quotidien et leur m\u00e9thode de travail dans ce nouveau num\u00e9ro du Journal de Bord de la SEARD &hellip;\" \/>\n<meta property=\"og:url\" content=\"https:\/\/www.samsic.aero\/fr\/news\/airport-une-nouvelle-equipe-cynotechnique-a-laeroport-de-rennes-%e2%9c%88\/\" \/>\n<meta property=\"og:site_name\" content=\"Samsic aero\" \/>\n<meta property=\"article:published_time\" content=\"2025-03-06T08:16:29+00:00\" \/>\n<meta property=\"article:modified_time\" content=\"2025-04-15T07:33:31+00:00\" \/>\n<meta property=\"og:image\" content=\"https:\/\/www.samsic.aero\/wp-content\/uploads\/2025\/03\/image006-848x720.png\" \/>\n\t<meta property=\"og:image:width\" content=\"848\" \/>\n\t<meta property=\"og:image:height\" content=\"725\" \/>\n\t<meta property=\"og:image:type\" content=\"image\/png\" \/>\n<meta name=\"author\" content=\"Aur\u00e9lien Le fur\" \/>\n<meta name=\"twitter:card\" content=\"summary_large_image\" \/>\n<meta name=\"twitter:label1\" content=\"Written by\" \/>\n\t<meta name=\"twitter:data1\" content=\"Aur\u00e9lien Le fur\" \/>\n\t<meta name=\"twitter:label2\" content=\"Est. reading time\" \/>\n\t<meta name=\"twitter:data2\" content=\"1 minute\" \/>\n<script type=\"application\/ld+json\" class=\"yoast-schema-graph\">{\"@context\":\"https:\/\/schema.org\",\"@graph\":[{\"@type\":\"Article\",\"@id\":\"https:\/\/www.samsic.aero\/fr\/news\/airport-une-nouvelle-equipe-cynotechnique-a-laeroport-de-rennes-%e2%9c%88\/#article\",\"isPartOf\":{\"@id\":\"https:\/\/www.samsic.aero\/fr\/news\/airport-une-nouvelle-equipe-cynotechnique-a-laeroport-de-rennes-%e2%9c%88\/\"},\"author\":{\"name\":\"Aur\u00e9lien Le fur\",\"@id\":\"https:\/\/www.samsic.aero\/fr\/#\/schema\/person\/5096d6eb74ddbbeba9f8671a1323f0b2\"},\"headline\":\"[Airport] Une nouvelle \u00e9quipe cynotechnique \u00e0 l&#8217;a\u00e9roport de Rennes \u2708\",\"datePublished\":\"2025-03-06T08:16:29+00:00\",\"dateModified\":\"2025-04-15T07:33:31+00:00\",\"mainEntityOfPage\":{\"@id\":\"https:\/\/www.samsic.aero\/fr\/news\/airport-une-nouvelle-equipe-cynotechnique-a-laeroport-de-rennes-%e2%9c%88\/\"},\"wordCount\":35,\"publisher\":{\"@id\":\"https:\/\/www.samsic.aero\/fr\/#organization\"},\"image\":{\"@id\":\"https:\/\/www.samsic.aero\/fr\/news\/airport-une-nouvelle-equipe-cynotechnique-a-laeroport-de-rennes-%e2%9c%88\/#primaryimage\"},\"thumbnailUrl\":\"https:\/\/www.samsic.aero\/wp-content\/uploads\/2025\/03\/image006.png\",\"articleSection\":[\"News\"],\"inLanguage\":\"fr-FR\"},{\"@type\":\"WebPage\",\"@id\":\"https:\/\/www.samsic.aero\/fr\/news\/airport-une-nouvelle-equipe-cynotechnique-a-laeroport-de-rennes-%e2%9c%88\/\",\"url\":\"https:\/\/www.samsic.aero\/fr\/news\/airport-une-nouvelle-equipe-cynotechnique-a-laeroport-de-rennes-%e2%9c%88\/\",\"name\":\"[Airport] Une nouvelle \u00e9quipe cynotechnique \u00e0 l'a\u00e9roport de Rennes \u2708 | Samsic aero\",\"isPartOf\":{\"@id\":\"https:\/\/www.samsic.aero\/fr\/#website\"},\"primaryImageOfPage\":{\"@id\":\"https:\/\/www.samsic.aero\/fr\/news\/airport-une-nouvelle-equipe-cynotechnique-a-laeroport-de-rennes-%e2%9c%88\/#primaryimage\"},\"image\":{\"@id\":\"https:\/\/www.samsic.aero\/fr\/news\/airport-une-nouvelle-equipe-cynotechnique-a-laeroport-de-rennes-%e2%9c%88\/#primaryimage\"},\"thumbnailUrl\":\"https:\/\/www.samsic.aero\/wp-content\/uploads\/2025\/03\/image006.png\",\"datePublished\":\"2025-03-06T08:16:29+00:00\",\"dateModified\":\"2025-04-15T07:33:31+00:00\",\"breadcrumb\":{\"@id\":\"https:\/\/www.samsic.aero\/fr\/news\/airport-une-nouvelle-equipe-cynotechnique-a-laeroport-de-rennes-%e2%9c%88\/#breadcrumb\"},\"inLanguage\":\"fr-FR\",\"potentialAction\":[{\"@type\":\"ReadAction\",\"target\":[\"https:\/\/www.samsic.aero\/fr\/news\/airport-une-nouvelle-equipe-cynotechnique-a-laeroport-de-rennes-%e2%9c%88\/\"]}]},{\"@type\":\"ImageObject\",\"inLanguage\":\"fr-FR\",\"@id\":\"https:\/\/www.samsic.aero\/fr\/news\/airport-une-nouvelle-equipe-cynotechnique-a-laeroport-de-rennes-%e2%9c%88\/#primaryimage\",\"url\":\"https:\/\/www.samsic.aero\/wp-content\/uploads\/2025\/03\/image006.png\",\"contentUrl\":\"https:\/\/www.samsic.aero\/wp-content\/uploads\/2025\/03\/image006.png\"},{\"@type\":\"BreadcrumbList\",\"@id\":\"https:\/\/www.samsic.aero\/fr\/news\/airport-une-nouvelle-equipe-cynotechnique-a-laeroport-de-rennes-%e2%9c%88\/#breadcrumb\",\"itemListElement\":[{\"@type\":\"ListItem\",\"position\":1,\"name\":\"Accueil\",\"item\":\"https:\/\/www.samsic.aero\/fr\/\"},{\"@type\":\"ListItem\",\"position\":2,\"name\":\"News\",\"item\":\"https:\/\/www.samsic.aero\/fr\/news\/\"},{\"@type\":\"ListItem\",\"position\":3,\"name\":\"[Airport] Une nouvelle \u00e9quipe cynotechnique \u00e0 l&#8217;a\u00e9roport de Rennes \u2708\"}]},{\"@type\":\"WebSite\",\"@id\":\"https:\/\/www.samsic.aero\/fr\/#website\",\"url\":\"https:\/\/www.samsic.aero\/fr\/\",\"name\":\"Samsic aero\",\"description\":\"\",\"publisher\":{\"@id\":\"https:\/\/www.samsic.aero\/fr\/#organization\"},\"potentialAction\":[{\"@type\":\"SearchAction\",\"target\":{\"@type\":\"EntryPoint\",\"urlTemplate\":\"https:\/\/www.samsic.aero\/fr\/?s={search_term_string}\"},\"query-input\":{\"@type\":\"PropertyValueSpecification\",\"valueRequired\":true,\"valueName\":\"search_term_string\"}}],\"inLanguage\":\"fr-FR\"},{\"@type\":\"Organization\",\"@id\":\"https:\/\/www.samsic.aero\/fr\/#organization\",\"name\":\"Samsic\",\"url\":\"https:\/\/www.samsic.aero\/fr\/\",\"logo\":{\"@type\":\"ImageObject\",\"inLanguage\":\"fr-FR\",\"@id\":\"https:\/\/www.samsic.aero\/fr\/#\/schema\/logo\/image\/\",\"url\":\"https:\/\/www.samsic.aero\/wp-content\/uploads\/2023\/04\/Samsic-1.jpg\",\"contentUrl\":\"https:\/\/www.samsic.aero\/wp-content\/uploads\/2023\/04\/Samsic-1.jpg\",\"width\":150,\"height\":150,\"caption\":\"Samsic\"},\"image\":{\"@id\":\"https:\/\/www.samsic.aero\/fr\/#\/schema\/logo\/image\/\"},\"sameAs\":[\"https:\/\/www.linkedin.com\/showcase\/samsicairport\/\"]},{\"@type\":\"Person\",\"@id\":\"https:\/\/www.samsic.aero\/fr\/#\/schema\/person\/5096d6eb74ddbbeba9f8671a1323f0b2\",\"name\":\"Aur\u00e9lien Le fur\",\"image\":{\"@type\":\"ImageObject\",\"inLanguage\":\"fr-FR\",\"@id\":\"https:\/\/www.samsic.aero\/fr\/#\/schema\/person\/image\/\",\"url\":\"https:\/\/secure.gravatar.com\/avatar\/15a6e78e1755156d60c89e4652876a1b5a155b9e5fe6bf6b322ea7aa7bd98e5e?s=96&d=mm&r=g\",\"contentUrl\":\"https:\/\/secure.gravatar.com\/avatar\/15a6e78e1755156d60c89e4652876a1b5a155b9e5fe6bf6b322ea7aa7bd98e5e?s=96&d=mm&r=g\",\"caption\":\"Aur\u00e9lien Le fur\"}}]}<\/script>\n<!-- \/ Yoast SEO plugin. -->","yoast_head_json":{"title":"[Airport] Une nouvelle \u00e9quipe cynotechnique \u00e0 l'a\u00e9roport de Rennes \u2708 | Samsic aero","robots":{"index":"index","follow":"follow","max-snippet":"max-snippet:-1","max-image-preview":"max-image-preview:large","max-video-preview":"max-video-preview:-1"},"canonical":"https:\/\/www.samsic.aero\/fr\/news\/airport-une-nouvelle-equipe-cynotechnique-a-laeroport-de-rennes-%e2%9c%88\/","og_locale":"fr_FR","og_type":"article","og_title":"[Airport] Une nouvelle \u00e9quipe cynotechnique \u00e0 l'a\u00e9roport de Rennes \u2708 | Samsic aero","og_description":"&nbsp; D\u00e9couvrez leur quotidien et leur m\u00e9thode de travail dans ce nouveau num\u00e9ro du Journal de Bord de la SEARD &hellip;","og_url":"https:\/\/www.samsic.aero\/fr\/news\/airport-une-nouvelle-equipe-cynotechnique-a-laeroport-de-rennes-%e2%9c%88\/","og_site_name":"Samsic aero","article_published_time":"2025-03-06T08:16:29+00:00","article_modified_time":"2025-04-15T07:33:31+00:00","og_image":[{"width":848,"height":725,"url":"https:\/\/www.samsic.aero\/wp-content\/uploads\/2025\/03\/image006-848x720.png","type":"image\/png"}],"author":"Aur\u00e9lien Le fur","twitter_card":"summary_large_image","twitter_misc":{"Written by":"Aur\u00e9lien Le fur","Est. reading time":"1 minute"},"schema":{"@context":"https:\/\/schema.org","@graph":[{"@type":"Article","@id":"https:\/\/www.samsic.aero\/fr\/news\/airport-une-nouvelle-equipe-cynotechnique-a-laeroport-de-rennes-%e2%9c%88\/#article","isPartOf":{"@id":"https:\/\/www.samsic.aero\/fr\/news\/airport-une-nouvelle-equipe-cynotechnique-a-laeroport-de-rennes-%e2%9c%88\/"},"author":{"name":"Aur\u00e9lien Le fur","@id":"https:\/\/www.samsic.aero\/fr\/#\/schema\/person\/5096d6eb74ddbbeba9f8671a1323f0b2"},"headline":"[Airport] Une nouvelle \u00e9quipe cynotechnique \u00e0 l&#8217;a\u00e9roport de Rennes \u2708","datePublished":"2025-03-06T08:16:29+00:00","dateModified":"2025-04-15T07:33:31+00:00","mainEntityOfPage":{"@id":"https:\/\/www.samsic.aero\/fr\/news\/airport-une-nouvelle-equipe-cynotechnique-a-laeroport-de-rennes-%e2%9c%88\/"},"wordCount":35,"publisher":{"@id":"https:\/\/www.samsic.aero\/fr\/#organization"},"image":{"@id":"https:\/\/www.samsic.aero\/fr\/news\/airport-une-nouvelle-equipe-cynotechnique-a-laeroport-de-rennes-%e2%9c%88\/#primaryimage"},"thumbnailUrl":"https:\/\/www.samsic.aero\/wp-content\/uploads\/2025\/03\/image006.png","articleSection":["News"],"inLanguage":"fr-FR"},{"@type":"WebPage","@id":"https:\/\/www.samsic.aero\/fr\/news\/airport-une-nouvelle-equipe-cynotechnique-a-laeroport-de-rennes-%e2%9c%88\/","url":"https:\/\/www.samsic.aero\/fr\/news\/airport-une-nouvelle-equipe-cynotechnique-a-laeroport-de-rennes-%e2%9c%88\/","name":"[Airport] Une nouvelle \u00e9quipe cynotechnique \u00e0 l'a\u00e9roport de Rennes \u2708 | Samsic aero","isPartOf":{"@id":"https:\/\/www.samsic.aero\/fr\/#website"},"primaryImageOfPage":{"@id":"https:\/\/www.samsic.aero\/fr\/news\/airport-une-nouvelle-equipe-cynotechnique-a-laeroport-de-rennes-%e2%9c%88\/#primaryimage"},"image":{"@id":"https:\/\/www.samsic.aero\/fr\/news\/airport-une-nouvelle-equipe-cynotechnique-a-laeroport-de-rennes-%e2%9c%88\/#primaryimage"},"thumbnailUrl":"https:\/\/www.samsic.aero\/wp-content\/uploads\/2025\/03\/image006.png","datePublished":"2025-03-06T08:16:29+00:00","dateModified":"2025-04-15T07:33:31+00:00","breadcrumb":{"@id":"https:\/\/www.samsic.aero\/fr\/news\/airport-une-nouvelle-equipe-cynotechnique-a-laeroport-de-rennes-%e2%9c%88\/#breadcrumb"},"inLanguage":"fr-FR","potentialAction":[{"@type":"ReadAction","target":["https:\/\/www.samsic.aero\/fr\/news\/airport-une-nouvelle-equipe-cynotechnique-a-laeroport-de-rennes-%e2%9c%88\/"]}]},{"@type":"ImageObject","inLanguage":"fr-FR","@id":"https:\/\/www.samsic.aero\/fr\/news\/airport-une-nouvelle-equipe-cynotechnique-a-laeroport-de-rennes-%e2%9c%88\/#primaryimage","url":"https:\/\/www.samsic.aero\/wp-content\/uploads\/2025\/03\/image006.png","contentUrl":"https:\/\/www.samsic.aero\/wp-content\/uploads\/2025\/03\/image006.png"},{"@type":"BreadcrumbList","@id":"https:\/\/www.samsic.aero\/fr\/news\/airport-une-nouvelle-equipe-cynotechnique-a-laeroport-de-rennes-%e2%9c%88\/#breadcrumb","itemListElement":[{"@type":"ListItem","position":1,"name":"Accueil","item":"https:\/\/www.samsic.aero\/fr\/"},{"@type":"ListItem","position":2,"name":"News","item":"https:\/\/www.samsic.aero\/fr\/news\/"},{"@type":"ListItem","position":3,"name":"[Airport] Une nouvelle \u00e9quipe cynotechnique \u00e0 l&#8217;a\u00e9roport de Rennes \u2708"}]},{"@type":"WebSite","@id":"https:\/\/www.samsic.aero\/fr\/#website","url":"https:\/\/www.samsic.aero\/fr\/","name":"Samsic aero","description":"","publisher":{"@id":"https:\/\/www.samsic.aero\/fr\/#organization"},"potentialAction":[{"@type":"SearchAction","target":{"@type":"EntryPoint","urlTemplate":"https:\/\/www.samsic.aero\/fr\/?s={search_term_string}"},"query-input":{"@type":"PropertyValueSpecification","valueRequired":true,"valueName":"search_term_string"}}],"inLanguage":"fr-FR"},{"@type":"Organization","@id":"https:\/\/www.samsic.aero\/fr\/#organization","name":"Samsic","url":"https:\/\/www.samsic.aero\/fr\/","logo":{"@type":"ImageObject","inLanguage":"fr-FR","@id":"https:\/\/www.samsic.aero\/fr\/#\/schema\/logo\/image\/","url":"https:\/\/www.samsic.aero\/wp-content\/uploads\/2023\/04\/Samsic-1.jpg","contentUrl":"https:\/\/www.samsic.aero\/wp-content\/uploads\/2023\/04\/Samsic-1.jpg","width":150,"height":150,"caption":"Samsic"},"image":{"@id":"https:\/\/www.samsic.aero\/fr\/#\/schema\/logo\/image\/"},"sameAs":["https:\/\/www.linkedin.com\/showcase\/samsicairport\/"]},{"@type":"Person","@id":"https:\/\/www.samsic.aero\/fr\/#\/schema\/person\/5096d6eb74ddbbeba9f8671a1323f0b2","name":"Aur\u00e9lien Le fur","image":{"@type":"ImageObject","inLanguage":"fr-FR","@id":"https:\/\/www.samsic.aero\/fr\/#\/schema\/person\/image\/","url":"https:\/\/secure.gravatar.com\/avatar\/15a6e78e1755156d60c89e4652876a1b5a155b9e5fe6bf6b322ea7aa7bd98e5e?s=96&d=mm&r=g","contentUrl":"https:\/\/secure.gravatar.com\/avatar\/15a6e78e1755156d60c89e4652876a1b5a155b9e5fe6bf6b322ea7aa7bd98e5e?s=96&d=mm&r=g","caption":"Aur\u00e9lien Le fur"}}]}},"_links":{"self":[{"href":"https:\/\/www.samsic.aero\/fr\/wp-json\/wp\/v2\/posts\/5355","targetHints":{"allow":["GET"]}}],"collection":[{"href":"https:\/\/www.samsic.aero\/fr\/wp-json\/wp\/v2\/posts"}],"about":[{"href":"https:\/\/www.samsic.aero\/fr\/wp-json\/wp\/v2\/types\/post"}],"author":[{"embeddable":true,"href":"https:\/\/www.samsic.aero\/fr\/wp-json\/wp\/v2\/users\/4"}],"replies":[{"embeddable":true,"href":"https:\/\/www.samsic.aero\/fr\/wp-json\/wp\/v2\/comments?post=5355"}],"version-history":[{"count":2,"href":"https:\/\/www.samsic.aero\/fr\/wp-json\/wp\/v2\/posts\/5355\/revisions"}],"predecessor-version":[{"id":5359,"href":"https:\/\/www.samsic.aero\/fr\/wp-json\/wp\/v2\/posts\/5355\/revisions\/5359"}],"wp:attachment":[{"href":"https:\/\/www.samsic.aero\/fr\/wp-json\/wp\/v2\/media?parent=5355"}],"wp:term":[{"taxonomy":"category","embeddable":true,"href":"https:\/\/www.samsic.aero\/fr\/wp-json\/wp\/v2\/categories?post=5355"},{"taxonomy":"post_tag","embeddable":true,"href":"https:\/\/www.samsic.aero\/fr\/wp-json\/wp\/v2\/tags?post=5355"}],"curies":[{"name":"wp","href":"https:\/\/api.w.org\/{rel}","templated":true}]}}