{"id":5578,"date":"2025-06-03T15:34:47","date_gmt":"2025-06-03T13:34:47","guid":{"rendered":"https:\/\/www.samsic.aero\/?p=5578"},"modified":"2025-06-03T15:34:47","modified_gmt":"2025-06-03T13:34:47","slug":"retour-sur-un-shooting-photo-tres-special","status":"publish","type":"post","link":"https:\/\/www.samsic.aero\/fr\/news\/retour-sur-un-shooting-photo-tres-special\/","title":{"rendered":"Retour sur un shooting photo tr\u00e8s sp\u00e9cial"},"content":{"rendered":"<p data-start=\"193\" data-end=\"590\">\u00c0 Orly, ce sont justement nos collaborateurs SATS (Samsic Assistance Terminal Services) qui se sont r\u00e9cemment pr\u00eat\u00e9s au jeu d\u2019un shooting photo pas comme les autres, pour pr\u00e9senter fi\u00e8rement leurs nouveaux uniformes.<\/p>\n<p data-start=\"635\" data-end=\"1022\">Fruit d\u2019un travail minutieux, cette nouvelle collection a \u00e9t\u00e9 imagin\u00e9e pour r\u00e9pondre aux exigences de <strong>nos missions op\u00e9rationnelles<\/strong>, tout en alliant confort, \u00e9l\u00e9gance et praticit\u00e9. Port\u00e9e par <em>Hassina<\/em>, \u00e0 l\u2019initiative du projet, cette d\u00e9marche a donn\u00e9 naissance \u00e0 un <em data-start=\"899\" data-end=\"916\">livret de port\u00e9<\/em> aussi esth\u00e9tique que fonctionnel, v\u00e9ritable guide visuel pens\u00e9 pour accompagner nos \u00e9quipes au quotidien.<\/p>\n<p data-start=\"1081\" data-end=\"1433\">Ce projet n\u2019aurait pas eu la m\u00eame r\u00e9sonance sans l\u2019\u0153il aff\u00fbt\u00e9 de Tijana, collaboratrice passionn\u00e9e et photographe. \u00c0 travers son objectif, elle a su capturer bien plus que des silhouettes : elle a saisi l\u2019engagement, la posture et la rigueur de nos agents. Gr\u00e2ce \u00e0 son talent, chaque clich\u00e9 refl\u00e8te avec authenticit\u00e9 l\u2019esprit de service qui nous anime.<\/p>\n<p data-start=\"1482\" data-end=\"1862\">Au-del\u00e0 de l\u2019exercice de style, ce shooting a \u00e9t\u00e9 une v\u00e9ritable aventure humaine. Il a renforc\u00e9 les liens, nourri le sentiment d\u2019appartenance et rappel\u00e9 l\u2019importance de l\u2019exemplarit\u00e9 dans nos fonctions. L\u2019uniforme Samsic Assistance, n\u2019est pas un simple v\u00eatement : <strong>il est le reflet de notre professionnalisme, de notre unit\u00e9 et de la confiance que nous inspirons chaque jour.<\/strong><\/p>\n<p data-start=\"1864\" data-end=\"2019\">\ud83d\udc4f Un grand merci \u00e0 toutes celles et ceux qui ont pr\u00eat\u00e9 leur image avec enthousiasme, \u00e0 Hassina pour sa vision, et \u00e0 Tijana pour la qualit\u00e9 de son travail.<\/p>\n<p data-start=\"1864\" data-end=\"2019\">\n<p data-start=\"2021\" data-end=\"2107\">Ce n\u2019\u00e9tait qu\u2019un aper\u00e7u\u2026 Restez connect\u00e9s, le reste du d\u00e9fil\u00e9 arrive tr\u00e8s bient\u00f4t !<\/p>\n","protected":false},"excerpt":{"rendered":"<p>\u00c0 Orly, ce sont justement nos collaborateurs SATS (Samsic Assistance Terminal Services) qui se sont r\u00e9cemment pr\u00eat\u00e9s au jeu d\u2019un &hellip;<\/p>\n","protected":false},"author":4,"featured_media":5579,"comment_status":"closed","ping_status":"closed","sticky":false,"template":"","format":"standard","meta":{"_acf_changed":false,"footnotes":""},"categories":[26],"tags":[],"class_list":["post-5578","post","type-post","status-publish","format-standard","has-post-thumbnail","hentry","category-news"],"acf":[],"yoast_head":"<!-- This site is optimized with the Yoast SEO plugin v26.8 - https:\/\/yoast.com\/product\/yoast-seo-wordpress\/ -->\n<title>Retour sur un shooting photo tr\u00e8s sp\u00e9cial | Samsic aero<\/title>\n<meta name=\"robots\" content=\"index, follow, max-snippet:-1, max-image-preview:large, max-video-preview:-1\" \/>\n<link rel=\"canonical\" href=\"https:\/\/www.samsic.aero\/fr\/news\/retour-sur-un-shooting-photo-tres-special\/\" \/>\n<meta property=\"og:locale\" content=\"fr_FR\" \/>\n<meta property=\"og:type\" content=\"article\" \/>\n<meta property=\"og:title\" content=\"Retour sur un shooting photo tr\u00e8s sp\u00e9cial | Samsic aero\" \/>\n<meta property=\"og:description\" content=\"\u00c0 Orly, ce sont justement nos collaborateurs SATS (Samsic Assistance Terminal Services) qui se sont r\u00e9cemment pr\u00eat\u00e9s au jeu d\u2019un &hellip;\" \/>\n<meta property=\"og:url\" content=\"https:\/\/www.samsic.aero\/fr\/news\/retour-sur-un-shooting-photo-tres-special\/\" \/>\n<meta property=\"og:site_name\" content=\"Samsic aero\" \/>\n<meta property=\"article:published_time\" content=\"2025-06-03T13:34:47+00:00\" \/>\n<meta property=\"og:image\" content=\"https:\/\/www.samsic.aero\/wp-content\/uploads\/2025\/06\/4_8-e1748346565249-1563x720.jpg\" \/>\n\t<meta property=\"og:image:width\" content=\"1563\" \/>\n\t<meta property=\"og:image:height\" content=\"886\" \/>\n\t<meta property=\"og:image:type\" content=\"image\/jpeg\" \/>\n<meta name=\"author\" content=\"Aur\u00e9lien Le fur\" \/>\n<meta name=\"twitter:card\" content=\"summary_large_image\" \/>\n<meta name=\"twitter:label1\" content=\"Written by\" \/>\n\t<meta name=\"twitter:data1\" content=\"Aur\u00e9lien Le fur\" \/>\n\t<meta name=\"twitter:label2\" content=\"Est. reading time\" \/>\n\t<meta name=\"twitter:data2\" content=\"2 minutes\" \/>\n<script type=\"application\/ld+json\" class=\"yoast-schema-graph\">{\"@context\":\"https:\/\/schema.org\",\"@graph\":[{\"@type\":\"Article\",\"@id\":\"https:\/\/www.samsic.aero\/fr\/news\/retour-sur-un-shooting-photo-tres-special\/#article\",\"isPartOf\":{\"@id\":\"https:\/\/www.samsic.aero\/fr\/news\/retour-sur-un-shooting-photo-tres-special\/\"},\"author\":{\"name\":\"Aur\u00e9lien Le fur\",\"@id\":\"https:\/\/www.samsic.aero\/fr\/#\/schema\/person\/5096d6eb74ddbbeba9f8671a1323f0b2\"},\"headline\":\"Retour sur un shooting photo tr\u00e8s sp\u00e9cial\",\"datePublished\":\"2025-06-03T13:34:47+00:00\",\"mainEntityOfPage\":{\"@id\":\"https:\/\/www.samsic.aero\/fr\/news\/retour-sur-un-shooting-photo-tres-special\/\"},\"wordCount\":287,\"publisher\":{\"@id\":\"https:\/\/www.samsic.aero\/fr\/#organization\"},\"image\":{\"@id\":\"https:\/\/www.samsic.aero\/fr\/news\/retour-sur-un-shooting-photo-tres-special\/#primaryimage\"},\"thumbnailUrl\":\"https:\/\/www.samsic.aero\/wp-content\/uploads\/2025\/06\/4_8-e1748346565249-1563x720.jpg\",\"articleSection\":[\"News\"],\"inLanguage\":\"fr-FR\"},{\"@type\":\"WebPage\",\"@id\":\"https:\/\/www.samsic.aero\/fr\/news\/retour-sur-un-shooting-photo-tres-special\/\",\"url\":\"https:\/\/www.samsic.aero\/fr\/news\/retour-sur-un-shooting-photo-tres-special\/\",\"name\":\"Retour sur un shooting photo tr\u00e8s sp\u00e9cial | Samsic aero\",\"isPartOf\":{\"@id\":\"https:\/\/www.samsic.aero\/fr\/#website\"},\"primaryImageOfPage\":{\"@id\":\"https:\/\/www.samsic.aero\/fr\/news\/retour-sur-un-shooting-photo-tres-special\/#primaryimage\"},\"image\":{\"@id\":\"https:\/\/www.samsic.aero\/fr\/news\/retour-sur-un-shooting-photo-tres-special\/#primaryimage\"},\"thumbnailUrl\":\"https:\/\/www.samsic.aero\/wp-content\/uploads\/2025\/06\/4_8-e1748346565249-1563x720.jpg\",\"datePublished\":\"2025-06-03T13:34:47+00:00\",\"breadcrumb\":{\"@id\":\"https:\/\/www.samsic.aero\/fr\/news\/retour-sur-un-shooting-photo-tres-special\/#breadcrumb\"},\"inLanguage\":\"fr-FR\",\"potentialAction\":[{\"@type\":\"ReadAction\",\"target\":[\"https:\/\/www.samsic.aero\/fr\/news\/retour-sur-un-shooting-photo-tres-special\/\"]}]},{\"@type\":\"ImageObject\",\"inLanguage\":\"fr-FR\",\"@id\":\"https:\/\/www.samsic.aero\/fr\/news\/retour-sur-un-shooting-photo-tres-special\/#primaryimage\",\"url\":\"https:\/\/www.samsic.aero\/wp-content\/uploads\/2025\/06\/4_8-e1748346565249-1563x720.jpg\",\"contentUrl\":\"https:\/\/www.samsic.aero\/wp-content\/uploads\/2025\/06\/4_8-e1748346565249-1563x720.jpg\",\"width\":1563,\"height\":886},{\"@type\":\"BreadcrumbList\",\"@id\":\"https:\/\/www.samsic.aero\/fr\/news\/retour-sur-un-shooting-photo-tres-special\/#breadcrumb\",\"itemListElement\":[{\"@type\":\"ListItem\",\"position\":1,\"name\":\"Accueil\",\"item\":\"https:\/\/www.samsic.aero\/fr\/\"},{\"@type\":\"ListItem\",\"position\":2,\"name\":\"News\",\"item\":\"https:\/\/www.samsic.aero\/fr\/news\/\"},{\"@type\":\"ListItem\",\"position\":3,\"name\":\"Retour sur un shooting photo tr\u00e8s sp\u00e9cial\"}]},{\"@type\":\"WebSite\",\"@id\":\"https:\/\/www.samsic.aero\/fr\/#website\",\"url\":\"https:\/\/www.samsic.aero\/fr\/\",\"name\":\"Samsic aero\",\"description\":\"\",\"publisher\":{\"@id\":\"https:\/\/www.samsic.aero\/fr\/#organization\"},\"potentialAction\":[{\"@type\":\"SearchAction\",\"target\":{\"@type\":\"EntryPoint\",\"urlTemplate\":\"https:\/\/www.samsic.aero\/fr\/?s={search_term_string}\"},\"query-input\":{\"@type\":\"PropertyValueSpecification\",\"valueRequired\":true,\"valueName\":\"search_term_string\"}}],\"inLanguage\":\"fr-FR\"},{\"@type\":\"Organization\",\"@id\":\"https:\/\/www.samsic.aero\/fr\/#organization\",\"name\":\"Samsic\",\"url\":\"https:\/\/www.samsic.aero\/fr\/\",\"logo\":{\"@type\":\"ImageObject\",\"inLanguage\":\"fr-FR\",\"@id\":\"https:\/\/www.samsic.aero\/fr\/#\/schema\/logo\/image\/\",\"url\":\"https:\/\/www.samsic.aero\/wp-content\/uploads\/2023\/04\/Samsic-1.jpg\",\"contentUrl\":\"https:\/\/www.samsic.aero\/wp-content\/uploads\/2023\/04\/Samsic-1.jpg\",\"width\":150,\"height\":150,\"caption\":\"Samsic\"},\"image\":{\"@id\":\"https:\/\/www.samsic.aero\/fr\/#\/schema\/logo\/image\/\"},\"sameAs\":[\"https:\/\/www.linkedin.com\/showcase\/samsicairport\/\"]},{\"@type\":\"Person\",\"@id\":\"https:\/\/www.samsic.aero\/fr\/#\/schema\/person\/5096d6eb74ddbbeba9f8671a1323f0b2\",\"name\":\"Aur\u00e9lien Le fur\",\"image\":{\"@type\":\"ImageObject\",\"inLanguage\":\"fr-FR\",\"@id\":\"https:\/\/www.samsic.aero\/fr\/#\/schema\/person\/image\/\",\"url\":\"https:\/\/secure.gravatar.com\/avatar\/15a6e78e1755156d60c89e4652876a1b5a155b9e5fe6bf6b322ea7aa7bd98e5e?s=96&d=mm&r=g\",\"contentUrl\":\"https:\/\/secure.gravatar.com\/avatar\/15a6e78e1755156d60c89e4652876a1b5a155b9e5fe6bf6b322ea7aa7bd98e5e?s=96&d=mm&r=g\",\"caption\":\"Aur\u00e9lien Le fur\"}}]}<\/script>\n<!-- \/ Yoast SEO plugin. -->","yoast_head_json":{"title":"Retour sur un shooting photo tr\u00e8s sp\u00e9cial | Samsic aero","robots":{"index":"index","follow":"follow","max-snippet":"max-snippet:-1","max-image-preview":"max-image-preview:large","max-video-preview":"max-video-preview:-1"},"canonical":"https:\/\/www.samsic.aero\/fr\/news\/retour-sur-un-shooting-photo-tres-special\/","og_locale":"fr_FR","og_type":"article","og_title":"Retour sur un shooting photo tr\u00e8s sp\u00e9cial | Samsic aero","og_description":"\u00c0 Orly, ce sont justement nos collaborateurs SATS (Samsic Assistance Terminal Services) qui se sont r\u00e9cemment pr\u00eat\u00e9s au jeu d\u2019un &hellip;","og_url":"https:\/\/www.samsic.aero\/fr\/news\/retour-sur-un-shooting-photo-tres-special\/","og_site_name":"Samsic aero","article_published_time":"2025-06-03T13:34:47+00:00","og_image":[{"width":1563,"height":886,"url":"https:\/\/www.samsic.aero\/wp-content\/uploads\/2025\/06\/4_8-e1748346565249-1563x720.jpg","type":"image\/jpeg"}],"author":"Aur\u00e9lien Le fur","twitter_card":"summary_large_image","twitter_misc":{"Written by":"Aur\u00e9lien Le fur","Est. reading time":"2 minutes"},"schema":{"@context":"https:\/\/schema.org","@graph":[{"@type":"Article","@id":"https:\/\/www.samsic.aero\/fr\/news\/retour-sur-un-shooting-photo-tres-special\/#article","isPartOf":{"@id":"https:\/\/www.samsic.aero\/fr\/news\/retour-sur-un-shooting-photo-tres-special\/"},"author":{"name":"Aur\u00e9lien Le fur","@id":"https:\/\/www.samsic.aero\/fr\/#\/schema\/person\/5096d6eb74ddbbeba9f8671a1323f0b2"},"headline":"Retour sur un shooting photo tr\u00e8s sp\u00e9cial","datePublished":"2025-06-03T13:34:47+00:00","mainEntityOfPage":{"@id":"https:\/\/www.samsic.aero\/fr\/news\/retour-sur-un-shooting-photo-tres-special\/"},"wordCount":287,"publisher":{"@id":"https:\/\/www.samsic.aero\/fr\/#organization"},"image":{"@id":"https:\/\/www.samsic.aero\/fr\/news\/retour-sur-un-shooting-photo-tres-special\/#primaryimage"},"thumbnailUrl":"https:\/\/www.samsic.aero\/wp-content\/uploads\/2025\/06\/4_8-e1748346565249-1563x720.jpg","articleSection":["News"],"inLanguage":"fr-FR"},{"@type":"WebPage","@id":"https:\/\/www.samsic.aero\/fr\/news\/retour-sur-un-shooting-photo-tres-special\/","url":"https:\/\/www.samsic.aero\/fr\/news\/retour-sur-un-shooting-photo-tres-special\/","name":"Retour sur un shooting photo tr\u00e8s sp\u00e9cial | Samsic aero","isPartOf":{"@id":"https:\/\/www.samsic.aero\/fr\/#website"},"primaryImageOfPage":{"@id":"https:\/\/www.samsic.aero\/fr\/news\/retour-sur-un-shooting-photo-tres-special\/#primaryimage"},"image":{"@id":"https:\/\/www.samsic.aero\/fr\/news\/retour-sur-un-shooting-photo-tres-special\/#primaryimage"},"thumbnailUrl":"https:\/\/www.samsic.aero\/wp-content\/uploads\/2025\/06\/4_8-e1748346565249-1563x720.jpg","datePublished":"2025-06-03T13:34:47+00:00","breadcrumb":{"@id":"https:\/\/www.samsic.aero\/fr\/news\/retour-sur-un-shooting-photo-tres-special\/#breadcrumb"},"inLanguage":"fr-FR","potentialAction":[{"@type":"ReadAction","target":["https:\/\/www.samsic.aero\/fr\/news\/retour-sur-un-shooting-photo-tres-special\/"]}]},{"@type":"ImageObject","inLanguage":"fr-FR","@id":"https:\/\/www.samsic.aero\/fr\/news\/retour-sur-un-shooting-photo-tres-special\/#primaryimage","url":"https:\/\/www.samsic.aero\/wp-content\/uploads\/2025\/06\/4_8-e1748346565249-1563x720.jpg","contentUrl":"https:\/\/www.samsic.aero\/wp-content\/uploads\/2025\/06\/4_8-e1748346565249-1563x720.jpg","width":1563,"height":886},{"@type":"BreadcrumbList","@id":"https:\/\/www.samsic.aero\/fr\/news\/retour-sur-un-shooting-photo-tres-special\/#breadcrumb","itemListElement":[{"@type":"ListItem","position":1,"name":"Accueil","item":"https:\/\/www.samsic.aero\/fr\/"},{"@type":"ListItem","position":2,"name":"News","item":"https:\/\/www.samsic.aero\/fr\/news\/"},{"@type":"ListItem","position":3,"name":"Retour sur un shooting photo tr\u00e8s sp\u00e9cial"}]},{"@type":"WebSite","@id":"https:\/\/www.samsic.aero\/fr\/#website","url":"https:\/\/www.samsic.aero\/fr\/","name":"Samsic aero","description":"","publisher":{"@id":"https:\/\/www.samsic.aero\/fr\/#organization"},"potentialAction":[{"@type":"SearchAction","target":{"@type":"EntryPoint","urlTemplate":"https:\/\/www.samsic.aero\/fr\/?s={search_term_string}"},"query-input":{"@type":"PropertyValueSpecification","valueRequired":true,"valueName":"search_term_string"}}],"inLanguage":"fr-FR"},{"@type":"Organization","@id":"https:\/\/www.samsic.aero\/fr\/#organization","name":"Samsic","url":"https:\/\/www.samsic.aero\/fr\/","logo":{"@type":"ImageObject","inLanguage":"fr-FR","@id":"https:\/\/www.samsic.aero\/fr\/#\/schema\/logo\/image\/","url":"https:\/\/www.samsic.aero\/wp-content\/uploads\/2023\/04\/Samsic-1.jpg","contentUrl":"https:\/\/www.samsic.aero\/wp-content\/uploads\/2023\/04\/Samsic-1.jpg","width":150,"height":150,"caption":"Samsic"},"image":{"@id":"https:\/\/www.samsic.aero\/fr\/#\/schema\/logo\/image\/"},"sameAs":["https:\/\/www.linkedin.com\/showcase\/samsicairport\/"]},{"@type":"Person","@id":"https:\/\/www.samsic.aero\/fr\/#\/schema\/person\/5096d6eb74ddbbeba9f8671a1323f0b2","name":"Aur\u00e9lien Le fur","image":{"@type":"ImageObject","inLanguage":"fr-FR","@id":"https:\/\/www.samsic.aero\/fr\/#\/schema\/person\/image\/","url":"https:\/\/secure.gravatar.com\/avatar\/15a6e78e1755156d60c89e4652876a1b5a155b9e5fe6bf6b322ea7aa7bd98e5e?s=96&d=mm&r=g","contentUrl":"https:\/\/secure.gravatar.com\/avatar\/15a6e78e1755156d60c89e4652876a1b5a155b9e5fe6bf6b322ea7aa7bd98e5e?s=96&d=mm&r=g","caption":"Aur\u00e9lien Le fur"}}]}},"_links":{"self":[{"href":"https:\/\/www.samsic.aero\/fr\/wp-json\/wp\/v2\/posts\/5578","targetHints":{"allow":["GET"]}}],"collection":[{"href":"https:\/\/www.samsic.aero\/fr\/wp-json\/wp\/v2\/posts"}],"about":[{"href":"https:\/\/www.samsic.aero\/fr\/wp-json\/wp\/v2\/types\/post"}],"author":[{"embeddable":true,"href":"https:\/\/www.samsic.aero\/fr\/wp-json\/wp\/v2\/users\/4"}],"replies":[{"embeddable":true,"href":"https:\/\/www.samsic.aero\/fr\/wp-json\/wp\/v2\/comments?post=5578"}],"version-history":[{"count":1,"href":"https:\/\/www.samsic.aero\/fr\/wp-json\/wp\/v2\/posts\/5578\/revisions"}],"predecessor-version":[{"id":5581,"href":"https:\/\/www.samsic.aero\/fr\/wp-json\/wp\/v2\/posts\/5578\/revisions\/5581"}],"wp:featuredmedia":[{"embeddable":true,"href":"https:\/\/www.samsic.aero\/fr\/wp-json\/wp\/v2\/media\/5579"}],"wp:attachment":[{"href":"https:\/\/www.samsic.aero\/fr\/wp-json\/wp\/v2\/media?parent=5578"}],"wp:term":[{"taxonomy":"category","embeddable":true,"href":"https:\/\/www.samsic.aero\/fr\/wp-json\/wp\/v2\/categories?post=5578"},{"taxonomy":"post_tag","embeddable":true,"href":"https:\/\/www.samsic.aero\/fr\/wp-json\/wp\/v2\/tags?post=5578"}],"curies":[{"name":"wp","href":"https:\/\/api.w.org\/{rel}","templated":true}]}}