{"id":6224,"date":"2025-10-20T09:30:32","date_gmt":"2025-10-20T07:30:32","guid":{"rendered":"https:\/\/www.samsic.aero\/?p=6224"},"modified":"2025-10-20T09:30:32","modified_gmt":"2025-10-20T07:30:32","slug":"mobilisation-a-nice-pour-la-8%e1%b5%89-edition-du-world-clean-up-day","status":"publish","type":"post","link":"https:\/\/www.samsic.aero\/fr\/news\/mobilisation-a-nice-pour-la-8%e1%b5%89-edition-du-world-clean-up-day\/","title":{"rendered":"Mobilisation \u00e0 Nice pour la 8\u1d49 \u00e9dition du World Clean Up Day !"},"content":{"rendered":"<p><strong>Une mobilisation record :<\/strong> plus de 70 participants, r\u00e9unissant \u00e9galement ACA et Lagard\u00e8re Travel Retail, tous anim\u00e9s par la m\u00eame volont\u00e9 d\u2019agir concr\u00e8tement pour un environnement plus propre \ud83e\uddfc<\/p>\n<p><strong>Le r\u00e9sultat parle de lui-m\u00eame :<\/strong><br \/>\n&#8211; 1 benne compl\u00e8te remplie de d\u00e9chets <em>(plastiques, ferrailles, m\u00e9gots, c\u00e2bles, roue de v\u00e9lo\u2026 et m\u00eame quelques trouvailles insolites)<\/em><br \/>\n&#8211; 1,4 tonne collect\u00e9e en une seule matin\u00e9e ! \ud83d\udcaa<\/p>\n<p>Cette initiative s\u2019inscrit pleinement dans notre programme <strong>Samsic Planet 2030<\/strong>, qui fait de la protection de l\u2019environnement un pilier majeur de notre<strong> strat\u00e9gie RSE.<\/strong><\/p>\n<p><strong>Un grand merci \u00e0 tous les participants pour leur implication exemplaire :<\/strong><\/p>\n<p>Ga\u00eblle CERUTI &#8211; Alexandre GEAI &#8211; Baudouin LENORMAND &#8211; Th\u00e9o VISEUR &#8211; Denis MENANT &#8211; Larbi TEMMAR &#8211; Jean-Christophe ROULANT &#8211; Corinne CAJNA &#8211; Jean Jacques ROUSSEAU &#8211; Pierre ZAMPIN &#8211; Romain CASTELLE &#8211; Cl\u00e9mentine BELLI &#8211; Graziella PALASSY &#8211; Ana Maria DE ABREU &#8211; Am\u00e9lie CHAMERET &#8211; Kiara SEYWERT &#8211; Corinne ERCOLANO &#8211; Miroslav JAKIMOVSKI &#8211; Elodie CASTELL &#8211; R\u00e9gis BARBIER &#8211; Emilie RESMINI &#8211; Guillaume SCHULZ &#8211; Christophe MASONI &#8211; St\u00e9phanie BRINES<\/p>\n<p>Et bien s\u00fbr aux \u00e9quipes <strong>INFRA et Mobilit\u00e9s &amp; Stationnement<\/strong> pour leur soutien logistique !<\/p>\n<p><strong>Rendez-vous en 2026 pour faire encore mieux !<\/strong><\/p>\n","protected":false},"excerpt":{"rendered":"<p>Une mobilisation record : plus de 70 participants, r\u00e9unissant \u00e9galement ACA et Lagard\u00e8re Travel Retail, tous anim\u00e9s par la m\u00eame &hellip;<\/p>\n","protected":false},"author":4,"featured_media":6225,"comment_status":"closed","ping_status":"closed","sticky":false,"template":"","format":"standard","meta":{"_acf_changed":false,"footnotes":""},"categories":[26],"tags":[],"class_list":["post-6224","post","type-post","status-publish","format-standard","has-post-thumbnail","hentry","category-news"],"acf":[],"yoast_head":"<!-- This site is optimized with the Yoast SEO plugin v26.8 - https:\/\/yoast.com\/product\/yoast-seo-wordpress\/ -->\n<title>Mobilisation \u00e0 Nice pour la 8\u1d49 \u00e9dition du World Clean Up Day ! | Samsic aero<\/title>\n<meta name=\"robots\" content=\"index, follow, max-snippet:-1, max-image-preview:large, max-video-preview:-1\" \/>\n<link rel=\"canonical\" href=\"https:\/\/www.samsic.aero\/fr\/news\/mobilisation-a-nice-pour-la-8%e1%b5%89-edition-du-world-clean-up-day\/\" \/>\n<meta property=\"og:locale\" content=\"fr_FR\" \/>\n<meta property=\"og:type\" content=\"article\" \/>\n<meta property=\"og:title\" content=\"Mobilisation \u00e0 Nice pour la 8\u1d49 \u00e9dition du World Clean Up Day ! | Samsic aero\" \/>\n<meta property=\"og:description\" content=\"Une mobilisation record : plus de 70 participants, r\u00e9unissant \u00e9galement ACA et Lagard\u00e8re Travel Retail, tous anim\u00e9s par la m\u00eame &hellip;\" \/>\n<meta property=\"og:url\" content=\"https:\/\/www.samsic.aero\/fr\/news\/mobilisation-a-nice-pour-la-8%e1%b5%89-edition-du-world-clean-up-day\/\" \/>\n<meta property=\"og:site_name\" content=\"Samsic aero\" \/>\n<meta property=\"article:published_time\" content=\"2025-10-20T07:30:32+00:00\" \/>\n<meta property=\"og:image\" content=\"https:\/\/www.samsic.aero\/wp-content\/uploads\/2025\/10\/photo-1200x720.jpg\" \/>\n\t<meta property=\"og:image:width\" content=\"1200\" \/>\n\t<meta property=\"og:image:height\" content=\"900\" \/>\n\t<meta property=\"og:image:type\" content=\"image\/jpeg\" \/>\n<meta name=\"author\" content=\"Aur\u00e9lien Le fur\" \/>\n<meta name=\"twitter:card\" content=\"summary_large_image\" \/>\n<meta name=\"twitter:label1\" content=\"Written by\" \/>\n\t<meta name=\"twitter:data1\" content=\"Aur\u00e9lien Le fur\" \/>\n\t<meta name=\"twitter:label2\" content=\"Est. reading time\" \/>\n\t<meta name=\"twitter:data2\" content=\"1 minute\" \/>\n<script type=\"application\/ld+json\" class=\"yoast-schema-graph\">{\"@context\":\"https:\/\/schema.org\",\"@graph\":[{\"@type\":\"Article\",\"@id\":\"https:\/\/www.samsic.aero\/fr\/news\/mobilisation-a-nice-pour-la-8%e1%b5%89-edition-du-world-clean-up-day\/#article\",\"isPartOf\":{\"@id\":\"https:\/\/www.samsic.aero\/fr\/news\/mobilisation-a-nice-pour-la-8%e1%b5%89-edition-du-world-clean-up-day\/\"},\"author\":{\"name\":\"Aur\u00e9lien Le fur\",\"@id\":\"https:\/\/www.samsic.aero\/fr\/#\/schema\/person\/5096d6eb74ddbbeba9f8671a1323f0b2\"},\"headline\":\"Mobilisation \u00e0 Nice pour la 8\u1d49 \u00e9dition du World Clean Up Day !\",\"datePublished\":\"2025-10-20T07:30:32+00:00\",\"mainEntityOfPage\":{\"@id\":\"https:\/\/www.samsic.aero\/fr\/news\/mobilisation-a-nice-pour-la-8%e1%b5%89-edition-du-world-clean-up-day\/\"},\"wordCount\":220,\"publisher\":{\"@id\":\"https:\/\/www.samsic.aero\/fr\/#organization\"},\"image\":{\"@id\":\"https:\/\/www.samsic.aero\/fr\/news\/mobilisation-a-nice-pour-la-8%e1%b5%89-edition-du-world-clean-up-day\/#primaryimage\"},\"thumbnailUrl\":\"https:\/\/www.samsic.aero\/wp-content\/uploads\/2025\/10\/photo-1200x720.jpg\",\"articleSection\":[\"News\"],\"inLanguage\":\"fr-FR\"},{\"@type\":\"WebPage\",\"@id\":\"https:\/\/www.samsic.aero\/fr\/news\/mobilisation-a-nice-pour-la-8%e1%b5%89-edition-du-world-clean-up-day\/\",\"url\":\"https:\/\/www.samsic.aero\/fr\/news\/mobilisation-a-nice-pour-la-8%e1%b5%89-edition-du-world-clean-up-day\/\",\"name\":\"Mobilisation \u00e0 Nice pour la 8\u1d49 \u00e9dition du World Clean Up Day ! | Samsic aero\",\"isPartOf\":{\"@id\":\"https:\/\/www.samsic.aero\/fr\/#website\"},\"primaryImageOfPage\":{\"@id\":\"https:\/\/www.samsic.aero\/fr\/news\/mobilisation-a-nice-pour-la-8%e1%b5%89-edition-du-world-clean-up-day\/#primaryimage\"},\"image\":{\"@id\":\"https:\/\/www.samsic.aero\/fr\/news\/mobilisation-a-nice-pour-la-8%e1%b5%89-edition-du-world-clean-up-day\/#primaryimage\"},\"thumbnailUrl\":\"https:\/\/www.samsic.aero\/wp-content\/uploads\/2025\/10\/photo-1200x720.jpg\",\"datePublished\":\"2025-10-20T07:30:32+00:00\",\"breadcrumb\":{\"@id\":\"https:\/\/www.samsic.aero\/fr\/news\/mobilisation-a-nice-pour-la-8%e1%b5%89-edition-du-world-clean-up-day\/#breadcrumb\"},\"inLanguage\":\"fr-FR\",\"potentialAction\":[{\"@type\":\"ReadAction\",\"target\":[\"https:\/\/www.samsic.aero\/fr\/news\/mobilisation-a-nice-pour-la-8%e1%b5%89-edition-du-world-clean-up-day\/\"]}]},{\"@type\":\"ImageObject\",\"inLanguage\":\"fr-FR\",\"@id\":\"https:\/\/www.samsic.aero\/fr\/news\/mobilisation-a-nice-pour-la-8%e1%b5%89-edition-du-world-clean-up-day\/#primaryimage\",\"url\":\"https:\/\/www.samsic.aero\/wp-content\/uploads\/2025\/10\/photo-1200x720.jpg\",\"contentUrl\":\"https:\/\/www.samsic.aero\/wp-content\/uploads\/2025\/10\/photo-1200x720.jpg\",\"width\":1200,\"height\":900},{\"@type\":\"BreadcrumbList\",\"@id\":\"https:\/\/www.samsic.aero\/fr\/news\/mobilisation-a-nice-pour-la-8%e1%b5%89-edition-du-world-clean-up-day\/#breadcrumb\",\"itemListElement\":[{\"@type\":\"ListItem\",\"position\":1,\"name\":\"Accueil\",\"item\":\"https:\/\/www.samsic.aero\/fr\/\"},{\"@type\":\"ListItem\",\"position\":2,\"name\":\"News\",\"item\":\"https:\/\/www.samsic.aero\/fr\/news\/\"},{\"@type\":\"ListItem\",\"position\":3,\"name\":\"Mobilisation \u00e0 Nice pour la 8\u1d49 \u00e9dition du World Clean Up Day !\"}]},{\"@type\":\"WebSite\",\"@id\":\"https:\/\/www.samsic.aero\/fr\/#website\",\"url\":\"https:\/\/www.samsic.aero\/fr\/\",\"name\":\"Samsic aero\",\"description\":\"\",\"publisher\":{\"@id\":\"https:\/\/www.samsic.aero\/fr\/#organization\"},\"potentialAction\":[{\"@type\":\"SearchAction\",\"target\":{\"@type\":\"EntryPoint\",\"urlTemplate\":\"https:\/\/www.samsic.aero\/fr\/?s={search_term_string}\"},\"query-input\":{\"@type\":\"PropertyValueSpecification\",\"valueRequired\":true,\"valueName\":\"search_term_string\"}}],\"inLanguage\":\"fr-FR\"},{\"@type\":\"Organization\",\"@id\":\"https:\/\/www.samsic.aero\/fr\/#organization\",\"name\":\"Samsic\",\"url\":\"https:\/\/www.samsic.aero\/fr\/\",\"logo\":{\"@type\":\"ImageObject\",\"inLanguage\":\"fr-FR\",\"@id\":\"https:\/\/www.samsic.aero\/fr\/#\/schema\/logo\/image\/\",\"url\":\"https:\/\/www.samsic.aero\/wp-content\/uploads\/2023\/04\/Samsic-1.jpg\",\"contentUrl\":\"https:\/\/www.samsic.aero\/wp-content\/uploads\/2023\/04\/Samsic-1.jpg\",\"width\":150,\"height\":150,\"caption\":\"Samsic\"},\"image\":{\"@id\":\"https:\/\/www.samsic.aero\/fr\/#\/schema\/logo\/image\/\"},\"sameAs\":[\"https:\/\/www.linkedin.com\/showcase\/samsicairport\/\"]},{\"@type\":\"Person\",\"@id\":\"https:\/\/www.samsic.aero\/fr\/#\/schema\/person\/5096d6eb74ddbbeba9f8671a1323f0b2\",\"name\":\"Aur\u00e9lien Le fur\",\"image\":{\"@type\":\"ImageObject\",\"inLanguage\":\"fr-FR\",\"@id\":\"https:\/\/www.samsic.aero\/fr\/#\/schema\/person\/image\/\",\"url\":\"https:\/\/secure.gravatar.com\/avatar\/15a6e78e1755156d60c89e4652876a1b5a155b9e5fe6bf6b322ea7aa7bd98e5e?s=96&d=mm&r=g\",\"contentUrl\":\"https:\/\/secure.gravatar.com\/avatar\/15a6e78e1755156d60c89e4652876a1b5a155b9e5fe6bf6b322ea7aa7bd98e5e?s=96&d=mm&r=g\",\"caption\":\"Aur\u00e9lien Le fur\"}}]}<\/script>\n<!-- \/ Yoast SEO plugin. -->","yoast_head_json":{"title":"Mobilisation \u00e0 Nice pour la 8\u1d49 \u00e9dition du World Clean Up Day ! | Samsic aero","robots":{"index":"index","follow":"follow","max-snippet":"max-snippet:-1","max-image-preview":"max-image-preview:large","max-video-preview":"max-video-preview:-1"},"canonical":"https:\/\/www.samsic.aero\/fr\/news\/mobilisation-a-nice-pour-la-8%e1%b5%89-edition-du-world-clean-up-day\/","og_locale":"fr_FR","og_type":"article","og_title":"Mobilisation \u00e0 Nice pour la 8\u1d49 \u00e9dition du World Clean Up Day ! | Samsic aero","og_description":"Une mobilisation record : plus de 70 participants, r\u00e9unissant \u00e9galement ACA et Lagard\u00e8re Travel Retail, tous anim\u00e9s par la m\u00eame &hellip;","og_url":"https:\/\/www.samsic.aero\/fr\/news\/mobilisation-a-nice-pour-la-8%e1%b5%89-edition-du-world-clean-up-day\/","og_site_name":"Samsic aero","article_published_time":"2025-10-20T07:30:32+00:00","og_image":[{"width":1200,"height":900,"url":"https:\/\/www.samsic.aero\/wp-content\/uploads\/2025\/10\/photo-1200x720.jpg","type":"image\/jpeg"}],"author":"Aur\u00e9lien Le fur","twitter_card":"summary_large_image","twitter_misc":{"Written by":"Aur\u00e9lien Le fur","Est. reading time":"1 minute"},"schema":{"@context":"https:\/\/schema.org","@graph":[{"@type":"Article","@id":"https:\/\/www.samsic.aero\/fr\/news\/mobilisation-a-nice-pour-la-8%e1%b5%89-edition-du-world-clean-up-day\/#article","isPartOf":{"@id":"https:\/\/www.samsic.aero\/fr\/news\/mobilisation-a-nice-pour-la-8%e1%b5%89-edition-du-world-clean-up-day\/"},"author":{"name":"Aur\u00e9lien Le fur","@id":"https:\/\/www.samsic.aero\/fr\/#\/schema\/person\/5096d6eb74ddbbeba9f8671a1323f0b2"},"headline":"Mobilisation \u00e0 Nice pour la 8\u1d49 \u00e9dition du World Clean Up Day !","datePublished":"2025-10-20T07:30:32+00:00","mainEntityOfPage":{"@id":"https:\/\/www.samsic.aero\/fr\/news\/mobilisation-a-nice-pour-la-8%e1%b5%89-edition-du-world-clean-up-day\/"},"wordCount":220,"publisher":{"@id":"https:\/\/www.samsic.aero\/fr\/#organization"},"image":{"@id":"https:\/\/www.samsic.aero\/fr\/news\/mobilisation-a-nice-pour-la-8%e1%b5%89-edition-du-world-clean-up-day\/#primaryimage"},"thumbnailUrl":"https:\/\/www.samsic.aero\/wp-content\/uploads\/2025\/10\/photo-1200x720.jpg","articleSection":["News"],"inLanguage":"fr-FR"},{"@type":"WebPage","@id":"https:\/\/www.samsic.aero\/fr\/news\/mobilisation-a-nice-pour-la-8%e1%b5%89-edition-du-world-clean-up-day\/","url":"https:\/\/www.samsic.aero\/fr\/news\/mobilisation-a-nice-pour-la-8%e1%b5%89-edition-du-world-clean-up-day\/","name":"Mobilisation \u00e0 Nice pour la 8\u1d49 \u00e9dition du World Clean Up Day ! | Samsic aero","isPartOf":{"@id":"https:\/\/www.samsic.aero\/fr\/#website"},"primaryImageOfPage":{"@id":"https:\/\/www.samsic.aero\/fr\/news\/mobilisation-a-nice-pour-la-8%e1%b5%89-edition-du-world-clean-up-day\/#primaryimage"},"image":{"@id":"https:\/\/www.samsic.aero\/fr\/news\/mobilisation-a-nice-pour-la-8%e1%b5%89-edition-du-world-clean-up-day\/#primaryimage"},"thumbnailUrl":"https:\/\/www.samsic.aero\/wp-content\/uploads\/2025\/10\/photo-1200x720.jpg","datePublished":"2025-10-20T07:30:32+00:00","breadcrumb":{"@id":"https:\/\/www.samsic.aero\/fr\/news\/mobilisation-a-nice-pour-la-8%e1%b5%89-edition-du-world-clean-up-day\/#breadcrumb"},"inLanguage":"fr-FR","potentialAction":[{"@type":"ReadAction","target":["https:\/\/www.samsic.aero\/fr\/news\/mobilisation-a-nice-pour-la-8%e1%b5%89-edition-du-world-clean-up-day\/"]}]},{"@type":"ImageObject","inLanguage":"fr-FR","@id":"https:\/\/www.samsic.aero\/fr\/news\/mobilisation-a-nice-pour-la-8%e1%b5%89-edition-du-world-clean-up-day\/#primaryimage","url":"https:\/\/www.samsic.aero\/wp-content\/uploads\/2025\/10\/photo-1200x720.jpg","contentUrl":"https:\/\/www.samsic.aero\/wp-content\/uploads\/2025\/10\/photo-1200x720.jpg","width":1200,"height":900},{"@type":"BreadcrumbList","@id":"https:\/\/www.samsic.aero\/fr\/news\/mobilisation-a-nice-pour-la-8%e1%b5%89-edition-du-world-clean-up-day\/#breadcrumb","itemListElement":[{"@type":"ListItem","position":1,"name":"Accueil","item":"https:\/\/www.samsic.aero\/fr\/"},{"@type":"ListItem","position":2,"name":"News","item":"https:\/\/www.samsic.aero\/fr\/news\/"},{"@type":"ListItem","position":3,"name":"Mobilisation \u00e0 Nice pour la 8\u1d49 \u00e9dition du World Clean Up Day !"}]},{"@type":"WebSite","@id":"https:\/\/www.samsic.aero\/fr\/#website","url":"https:\/\/www.samsic.aero\/fr\/","name":"Samsic aero","description":"","publisher":{"@id":"https:\/\/www.samsic.aero\/fr\/#organization"},"potentialAction":[{"@type":"SearchAction","target":{"@type":"EntryPoint","urlTemplate":"https:\/\/www.samsic.aero\/fr\/?s={search_term_string}"},"query-input":{"@type":"PropertyValueSpecification","valueRequired":true,"valueName":"search_term_string"}}],"inLanguage":"fr-FR"},{"@type":"Organization","@id":"https:\/\/www.samsic.aero\/fr\/#organization","name":"Samsic","url":"https:\/\/www.samsic.aero\/fr\/","logo":{"@type":"ImageObject","inLanguage":"fr-FR","@id":"https:\/\/www.samsic.aero\/fr\/#\/schema\/logo\/image\/","url":"https:\/\/www.samsic.aero\/wp-content\/uploads\/2023\/04\/Samsic-1.jpg","contentUrl":"https:\/\/www.samsic.aero\/wp-content\/uploads\/2023\/04\/Samsic-1.jpg","width":150,"height":150,"caption":"Samsic"},"image":{"@id":"https:\/\/www.samsic.aero\/fr\/#\/schema\/logo\/image\/"},"sameAs":["https:\/\/www.linkedin.com\/showcase\/samsicairport\/"]},{"@type":"Person","@id":"https:\/\/www.samsic.aero\/fr\/#\/schema\/person\/5096d6eb74ddbbeba9f8671a1323f0b2","name":"Aur\u00e9lien Le fur","image":{"@type":"ImageObject","inLanguage":"fr-FR","@id":"https:\/\/www.samsic.aero\/fr\/#\/schema\/person\/image\/","url":"https:\/\/secure.gravatar.com\/avatar\/15a6e78e1755156d60c89e4652876a1b5a155b9e5fe6bf6b322ea7aa7bd98e5e?s=96&d=mm&r=g","contentUrl":"https:\/\/secure.gravatar.com\/avatar\/15a6e78e1755156d60c89e4652876a1b5a155b9e5fe6bf6b322ea7aa7bd98e5e?s=96&d=mm&r=g","caption":"Aur\u00e9lien Le fur"}}]}},"_links":{"self":[{"href":"https:\/\/www.samsic.aero\/fr\/wp-json\/wp\/v2\/posts\/6224","targetHints":{"allow":["GET"]}}],"collection":[{"href":"https:\/\/www.samsic.aero\/fr\/wp-json\/wp\/v2\/posts"}],"about":[{"href":"https:\/\/www.samsic.aero\/fr\/wp-json\/wp\/v2\/types\/post"}],"author":[{"embeddable":true,"href":"https:\/\/www.samsic.aero\/fr\/wp-json\/wp\/v2\/users\/4"}],"replies":[{"embeddable":true,"href":"https:\/\/www.samsic.aero\/fr\/wp-json\/wp\/v2\/comments?post=6224"}],"version-history":[{"count":1,"href":"https:\/\/www.samsic.aero\/fr\/wp-json\/wp\/v2\/posts\/6224\/revisions"}],"predecessor-version":[{"id":6227,"href":"https:\/\/www.samsic.aero\/fr\/wp-json\/wp\/v2\/posts\/6224\/revisions\/6227"}],"wp:featuredmedia":[{"embeddable":true,"href":"https:\/\/www.samsic.aero\/fr\/wp-json\/wp\/v2\/media\/6225"}],"wp:attachment":[{"href":"https:\/\/www.samsic.aero\/fr\/wp-json\/wp\/v2\/media?parent=6224"}],"wp:term":[{"taxonomy":"category","embeddable":true,"href":"https:\/\/www.samsic.aero\/fr\/wp-json\/wp\/v2\/categories?post=6224"},{"taxonomy":"post_tag","embeddable":true,"href":"https:\/\/www.samsic.aero\/fr\/wp-json\/wp\/v2\/tags?post=6224"}],"curies":[{"name":"wp","href":"https:\/\/api.w.org\/{rel}","templated":true}]}}