{"id":6392,"date":"2025-11-17T09:15:43","date_gmt":"2025-11-17T08:15:43","guid":{"rendered":"https:\/\/www.samsic.aero\/?p=6392"},"modified":"2025-11-17T09:23:30","modified_gmt":"2025-11-17T08:23:30","slug":"tournoi-de-padel-pour-samsic-apmr-paca","status":"publish","type":"post","link":"https:\/\/www.samsic.aero\/fr\/news\/tournoi-de-padel-pour-samsic-apmr-paca\/","title":{"rendered":"Tournoi de Padel pour SAMSIC APMR PACA"},"content":{"rendered":"<p><span style=\"font-weight: 400;\">Dans une <\/span><b>ambiance sportive et conviviale<\/b><span style=\"font-weight: 400;\">, les \u00e9quipes se sont r\u00e9unies autour d\u2019un <\/span><b>tournoi de padel<\/b><span style=\"font-weight: 400;\"> m\u00ealant <\/span><b>bonne humeur<\/b><span style=\"font-weight: 400;\">, <\/span><b>esprit d\u2019\u00e9quipe<\/b><span style=\"font-weight: 400;\"> et <\/span><b>d\u00e9passement de soi<\/b><span style=\"font-weight: 400;\">. <\/span><b>D\u00e9butants comme confirm\u00e9s<\/b><span style=\"font-weight: 400;\"> ont jou\u00e9 le jeu, montrant que ce n\u2019est pas le niveau qui compte, mais <\/span><b>l\u2019\u00e9nergie collective<\/b><span style=\"font-weight: 400;\"> et la <\/span><b>solidarit\u00e9<\/b><span style=\"font-weight: 400;\">.<\/span><\/p>\n<p><span style=\"font-weight: 400;\">La journ\u00e9e a \u00e9galement \u00e9t\u00e9 rythm\u00e9e par un <\/span><b>moment gourmand et chaleureux<\/b><span style=\"font-weight: 400;\"> : le <\/span><b>d\u00e9jeuner anim\u00e9 par un food truck de cr\u00eapes bretonnes<\/b><span style=\"font-weight: 400;\">, clin d\u2019\u0153il assum\u00e9 aux <\/span><b>origines de notre groupe<\/b><span style=\"font-weight: 400;\">. Une <\/span><b>pause conviviale<\/b><span style=\"font-weight: 400;\"> qui a permis aux participants d\u2019<\/span><b>\u00e9changer<\/b><span style=\"font-weight: 400;\"> et de <\/span><b>renforcer encore davantage les liens<\/b><span style=\"font-weight: 400;\">.<\/span><\/p>\n<p><span style=\"font-weight: 400;\">Au-del\u00e0 du sport et de la convivialit\u00e9, cet \u00e9v\u00e9nement a encourag\u00e9 les <\/span><b>\u00e9changes entre services<\/b><span style=\"font-weight: 400;\"> et <\/span><b>renforc\u00e9 le sentiment d\u2019appartenance<\/b><span style=\"font-weight: 400;\">. Il a rappel\u00e9 ce qui fait la <\/span><b>force de Samsic<\/b><span style=\"font-weight: 400;\"> : des <\/span><b>femmes et des hommes engag\u00e9s<\/b><span style=\"font-weight: 400;\">, <\/span><b>solidaires<\/b><span style=\"font-weight: 400;\"> et <\/span><b>fiers de porter les couleurs du groupe<\/b><span style=\"font-weight: 400;\">.<\/span><\/p>\n<p><span style=\"font-weight: 400;\">Cette journ\u00e9e illustre pleinement les <\/span><b>valeurs cl\u00e9s de Samsic<\/b><span style=\"font-weight: 400;\"> :<\/span><\/p>\n<ul>\n<li style=\"font-weight: 400;\" aria-level=\"1\"><b>Coh\u00e9sion et esprit d\u2019\u00e9quipe<\/b><\/li>\n<li style=\"font-weight: 400;\" aria-level=\"1\"><b>Respect, bienveillance et fair-play<\/b><\/li>\n<li style=\"font-weight: 400;\" aria-level=\"1\"><b>Engagement collectif et performance<\/b><\/li>\n<\/ul>\n<p><span style=\"font-weight: 400;\">Fort de ce <\/span><b>succ\u00e8s<\/b><span style=\"font-weight: 400;\">, <\/span><b>SAMSIC APMR PACA<\/b><span style=\"font-weight: 400;\"> se projette d\u00e9j\u00e0 vers la <\/span><b>3\u00e8me \u00e9dition<\/b><span style=\"font-weight: 400;\">, avec l\u2019ambition de <\/span><b>rassembler encore plus de collaborateurs<\/b><span style=\"font-weight: 400;\">.<\/span><\/p>\n<p><b>Bravo \u00e0 tous<\/b><span style=\"font-weight: 400;\"> pour cette <\/span><b>\u00e9nergie positive<\/b><span style=\"font-weight: 400;\">, et <\/span><b>rendez-vous l\u2019ann\u00e9e prochaine<\/b><span style=\"font-weight: 400;\">, <\/span><b>raquettes en main<\/b><span style=\"font-weight: 400;\"> ! \ud83c\udfbe<\/span><\/p>\n","protected":false},"excerpt":{"rendered":"<p>Dans une ambiance sportive et conviviale, les \u00e9quipes se sont r\u00e9unies autour d\u2019un tournoi de padel m\u00ealant bonne humeur, esprit &hellip;<\/p>\n","protected":false},"author":4,"featured_media":6389,"comment_status":"closed","ping_status":"closed","sticky":false,"template":"","format":"standard","meta":{"_acf_changed":false,"footnotes":""},"categories":[26],"tags":[],"class_list":["post-6392","post","type-post","status-publish","format-standard","has-post-thumbnail","hentry","category-news"],"acf":[],"yoast_head":"<!-- This site is optimized with the Yoast SEO plugin v26.8 - https:\/\/yoast.com\/product\/yoast-seo-wordpress\/ -->\n<title>Tournoi de Padel pour SAMSIC APMR PACA | Samsic aero<\/title>\n<meta name=\"robots\" content=\"index, follow, max-snippet:-1, max-image-preview:large, max-video-preview:-1\" \/>\n<link rel=\"canonical\" href=\"https:\/\/www.samsic.aero\/fr\/news\/tournoi-de-padel-pour-samsic-apmr-paca\/\" \/>\n<meta property=\"og:locale\" content=\"fr_FR\" \/>\n<meta property=\"og:type\" content=\"article\" \/>\n<meta property=\"og:title\" content=\"Tournoi de Padel pour SAMSIC APMR PACA | Samsic aero\" \/>\n<meta property=\"og:description\" content=\"Dans une ambiance sportive et conviviale, les \u00e9quipes se sont r\u00e9unies autour d\u2019un tournoi de padel m\u00ealant bonne humeur, esprit &hellip;\" \/>\n<meta property=\"og:url\" content=\"https:\/\/www.samsic.aero\/fr\/news\/tournoi-de-padel-pour-samsic-apmr-paca\/\" \/>\n<meta property=\"og:site_name\" content=\"Samsic aero\" \/>\n<meta property=\"article:published_time\" content=\"2025-11-17T08:15:43+00:00\" \/>\n<meta property=\"article:modified_time\" content=\"2025-11-17T08:23:30+00:00\" \/>\n<meta property=\"og:image\" content=\"https:\/\/www.samsic.aero\/wp-content\/uploads\/2025\/11\/equipe2-1600x720.jpg\" \/>\n\t<meta property=\"og:image:width\" content=\"1600\" \/>\n\t<meta property=\"og:image:height\" content=\"1200\" \/>\n\t<meta property=\"og:image:type\" content=\"image\/jpeg\" \/>\n<meta name=\"author\" content=\"Aur\u00e9lien Le fur\" \/>\n<meta name=\"twitter:card\" content=\"summary_large_image\" \/>\n<meta name=\"twitter:label1\" content=\"Written by\" \/>\n\t<meta name=\"twitter:data1\" content=\"Aur\u00e9lien Le fur\" \/>\n\t<meta name=\"twitter:label2\" content=\"Est. reading time\" \/>\n\t<meta name=\"twitter:data2\" content=\"2 minutes\" \/>\n<script type=\"application\/ld+json\" class=\"yoast-schema-graph\">{\"@context\":\"https:\/\/schema.org\",\"@graph\":[{\"@type\":\"Article\",\"@id\":\"https:\/\/www.samsic.aero\/fr\/news\/tournoi-de-padel-pour-samsic-apmr-paca\/#article\",\"isPartOf\":{\"@id\":\"https:\/\/www.samsic.aero\/fr\/news\/tournoi-de-padel-pour-samsic-apmr-paca\/\"},\"author\":{\"name\":\"Aur\u00e9lien Le fur\",\"@id\":\"https:\/\/www.samsic.aero\/fr\/#\/schema\/person\/5096d6eb74ddbbeba9f8671a1323f0b2\"},\"headline\":\"Tournoi de Padel pour SAMSIC APMR PACA\",\"datePublished\":\"2025-11-17T08:15:43+00:00\",\"dateModified\":\"2025-11-17T08:23:30+00:00\",\"mainEntityOfPage\":{\"@id\":\"https:\/\/www.samsic.aero\/fr\/news\/tournoi-de-padel-pour-samsic-apmr-paca\/\"},\"wordCount\":228,\"publisher\":{\"@id\":\"https:\/\/www.samsic.aero\/fr\/#organization\"},\"image\":{\"@id\":\"https:\/\/www.samsic.aero\/fr\/news\/tournoi-de-padel-pour-samsic-apmr-paca\/#primaryimage\"},\"thumbnailUrl\":\"https:\/\/www.samsic.aero\/wp-content\/uploads\/2025\/11\/equipe2-1600x720.jpg\",\"articleSection\":[\"News\"],\"inLanguage\":\"fr-FR\"},{\"@type\":\"WebPage\",\"@id\":\"https:\/\/www.samsic.aero\/fr\/news\/tournoi-de-padel-pour-samsic-apmr-paca\/\",\"url\":\"https:\/\/www.samsic.aero\/fr\/news\/tournoi-de-padel-pour-samsic-apmr-paca\/\",\"name\":\"Tournoi de Padel pour SAMSIC APMR PACA | Samsic aero\",\"isPartOf\":{\"@id\":\"https:\/\/www.samsic.aero\/fr\/#website\"},\"primaryImageOfPage\":{\"@id\":\"https:\/\/www.samsic.aero\/fr\/news\/tournoi-de-padel-pour-samsic-apmr-paca\/#primaryimage\"},\"image\":{\"@id\":\"https:\/\/www.samsic.aero\/fr\/news\/tournoi-de-padel-pour-samsic-apmr-paca\/#primaryimage\"},\"thumbnailUrl\":\"https:\/\/www.samsic.aero\/wp-content\/uploads\/2025\/11\/equipe2-1600x720.jpg\",\"datePublished\":\"2025-11-17T08:15:43+00:00\",\"dateModified\":\"2025-11-17T08:23:30+00:00\",\"breadcrumb\":{\"@id\":\"https:\/\/www.samsic.aero\/fr\/news\/tournoi-de-padel-pour-samsic-apmr-paca\/#breadcrumb\"},\"inLanguage\":\"fr-FR\",\"potentialAction\":[{\"@type\":\"ReadAction\",\"target\":[\"https:\/\/www.samsic.aero\/fr\/news\/tournoi-de-padel-pour-samsic-apmr-paca\/\"]}]},{\"@type\":\"ImageObject\",\"inLanguage\":\"fr-FR\",\"@id\":\"https:\/\/www.samsic.aero\/fr\/news\/tournoi-de-padel-pour-samsic-apmr-paca\/#primaryimage\",\"url\":\"https:\/\/www.samsic.aero\/wp-content\/uploads\/2025\/11\/equipe2-1600x720.jpg\",\"contentUrl\":\"https:\/\/www.samsic.aero\/wp-content\/uploads\/2025\/11\/equipe2-1600x720.jpg\",\"width\":1600,\"height\":1200},{\"@type\":\"BreadcrumbList\",\"@id\":\"https:\/\/www.samsic.aero\/fr\/news\/tournoi-de-padel-pour-samsic-apmr-paca\/#breadcrumb\",\"itemListElement\":[{\"@type\":\"ListItem\",\"position\":1,\"name\":\"Accueil\",\"item\":\"https:\/\/www.samsic.aero\/fr\/\"},{\"@type\":\"ListItem\",\"position\":2,\"name\":\"News\",\"item\":\"https:\/\/www.samsic.aero\/fr\/news\/\"},{\"@type\":\"ListItem\",\"position\":3,\"name\":\"Tournoi de Padel pour SAMSIC APMR PACA\"}]},{\"@type\":\"WebSite\",\"@id\":\"https:\/\/www.samsic.aero\/fr\/#website\",\"url\":\"https:\/\/www.samsic.aero\/fr\/\",\"name\":\"Samsic aero\",\"description\":\"\",\"publisher\":{\"@id\":\"https:\/\/www.samsic.aero\/fr\/#organization\"},\"potentialAction\":[{\"@type\":\"SearchAction\",\"target\":{\"@type\":\"EntryPoint\",\"urlTemplate\":\"https:\/\/www.samsic.aero\/fr\/?s={search_term_string}\"},\"query-input\":{\"@type\":\"PropertyValueSpecification\",\"valueRequired\":true,\"valueName\":\"search_term_string\"}}],\"inLanguage\":\"fr-FR\"},{\"@type\":\"Organization\",\"@id\":\"https:\/\/www.samsic.aero\/fr\/#organization\",\"name\":\"Samsic\",\"url\":\"https:\/\/www.samsic.aero\/fr\/\",\"logo\":{\"@type\":\"ImageObject\",\"inLanguage\":\"fr-FR\",\"@id\":\"https:\/\/www.samsic.aero\/fr\/#\/schema\/logo\/image\/\",\"url\":\"https:\/\/www.samsic.aero\/wp-content\/uploads\/2023\/04\/Samsic-1.jpg\",\"contentUrl\":\"https:\/\/www.samsic.aero\/wp-content\/uploads\/2023\/04\/Samsic-1.jpg\",\"width\":150,\"height\":150,\"caption\":\"Samsic\"},\"image\":{\"@id\":\"https:\/\/www.samsic.aero\/fr\/#\/schema\/logo\/image\/\"},\"sameAs\":[\"https:\/\/www.linkedin.com\/showcase\/samsicairport\/\"]},{\"@type\":\"Person\",\"@id\":\"https:\/\/www.samsic.aero\/fr\/#\/schema\/person\/5096d6eb74ddbbeba9f8671a1323f0b2\",\"name\":\"Aur\u00e9lien Le fur\",\"image\":{\"@type\":\"ImageObject\",\"inLanguage\":\"fr-FR\",\"@id\":\"https:\/\/www.samsic.aero\/fr\/#\/schema\/person\/image\/\",\"url\":\"https:\/\/secure.gravatar.com\/avatar\/15a6e78e1755156d60c89e4652876a1b5a155b9e5fe6bf6b322ea7aa7bd98e5e?s=96&d=mm&r=g\",\"contentUrl\":\"https:\/\/secure.gravatar.com\/avatar\/15a6e78e1755156d60c89e4652876a1b5a155b9e5fe6bf6b322ea7aa7bd98e5e?s=96&d=mm&r=g\",\"caption\":\"Aur\u00e9lien Le fur\"}}]}<\/script>\n<!-- \/ Yoast SEO plugin. -->","yoast_head_json":{"title":"Tournoi de Padel pour SAMSIC APMR PACA | Samsic aero","robots":{"index":"index","follow":"follow","max-snippet":"max-snippet:-1","max-image-preview":"max-image-preview:large","max-video-preview":"max-video-preview:-1"},"canonical":"https:\/\/www.samsic.aero\/fr\/news\/tournoi-de-padel-pour-samsic-apmr-paca\/","og_locale":"fr_FR","og_type":"article","og_title":"Tournoi de Padel pour SAMSIC APMR PACA | Samsic aero","og_description":"Dans une ambiance sportive et conviviale, les \u00e9quipes se sont r\u00e9unies autour d\u2019un tournoi de padel m\u00ealant bonne humeur, esprit &hellip;","og_url":"https:\/\/www.samsic.aero\/fr\/news\/tournoi-de-padel-pour-samsic-apmr-paca\/","og_site_name":"Samsic aero","article_published_time":"2025-11-17T08:15:43+00:00","article_modified_time":"2025-11-17T08:23:30+00:00","og_image":[{"width":1600,"height":1200,"url":"https:\/\/www.samsic.aero\/wp-content\/uploads\/2025\/11\/equipe2-1600x720.jpg","type":"image\/jpeg"}],"author":"Aur\u00e9lien Le fur","twitter_card":"summary_large_image","twitter_misc":{"Written by":"Aur\u00e9lien Le fur","Est. reading time":"2 minutes"},"schema":{"@context":"https:\/\/schema.org","@graph":[{"@type":"Article","@id":"https:\/\/www.samsic.aero\/fr\/news\/tournoi-de-padel-pour-samsic-apmr-paca\/#article","isPartOf":{"@id":"https:\/\/www.samsic.aero\/fr\/news\/tournoi-de-padel-pour-samsic-apmr-paca\/"},"author":{"name":"Aur\u00e9lien Le fur","@id":"https:\/\/www.samsic.aero\/fr\/#\/schema\/person\/5096d6eb74ddbbeba9f8671a1323f0b2"},"headline":"Tournoi de Padel pour SAMSIC APMR PACA","datePublished":"2025-11-17T08:15:43+00:00","dateModified":"2025-11-17T08:23:30+00:00","mainEntityOfPage":{"@id":"https:\/\/www.samsic.aero\/fr\/news\/tournoi-de-padel-pour-samsic-apmr-paca\/"},"wordCount":228,"publisher":{"@id":"https:\/\/www.samsic.aero\/fr\/#organization"},"image":{"@id":"https:\/\/www.samsic.aero\/fr\/news\/tournoi-de-padel-pour-samsic-apmr-paca\/#primaryimage"},"thumbnailUrl":"https:\/\/www.samsic.aero\/wp-content\/uploads\/2025\/11\/equipe2-1600x720.jpg","articleSection":["News"],"inLanguage":"fr-FR"},{"@type":"WebPage","@id":"https:\/\/www.samsic.aero\/fr\/news\/tournoi-de-padel-pour-samsic-apmr-paca\/","url":"https:\/\/www.samsic.aero\/fr\/news\/tournoi-de-padel-pour-samsic-apmr-paca\/","name":"Tournoi de Padel pour SAMSIC APMR PACA | Samsic aero","isPartOf":{"@id":"https:\/\/www.samsic.aero\/fr\/#website"},"primaryImageOfPage":{"@id":"https:\/\/www.samsic.aero\/fr\/news\/tournoi-de-padel-pour-samsic-apmr-paca\/#primaryimage"},"image":{"@id":"https:\/\/www.samsic.aero\/fr\/news\/tournoi-de-padel-pour-samsic-apmr-paca\/#primaryimage"},"thumbnailUrl":"https:\/\/www.samsic.aero\/wp-content\/uploads\/2025\/11\/equipe2-1600x720.jpg","datePublished":"2025-11-17T08:15:43+00:00","dateModified":"2025-11-17T08:23:30+00:00","breadcrumb":{"@id":"https:\/\/www.samsic.aero\/fr\/news\/tournoi-de-padel-pour-samsic-apmr-paca\/#breadcrumb"},"inLanguage":"fr-FR","potentialAction":[{"@type":"ReadAction","target":["https:\/\/www.samsic.aero\/fr\/news\/tournoi-de-padel-pour-samsic-apmr-paca\/"]}]},{"@type":"ImageObject","inLanguage":"fr-FR","@id":"https:\/\/www.samsic.aero\/fr\/news\/tournoi-de-padel-pour-samsic-apmr-paca\/#primaryimage","url":"https:\/\/www.samsic.aero\/wp-content\/uploads\/2025\/11\/equipe2-1600x720.jpg","contentUrl":"https:\/\/www.samsic.aero\/wp-content\/uploads\/2025\/11\/equipe2-1600x720.jpg","width":1600,"height":1200},{"@type":"BreadcrumbList","@id":"https:\/\/www.samsic.aero\/fr\/news\/tournoi-de-padel-pour-samsic-apmr-paca\/#breadcrumb","itemListElement":[{"@type":"ListItem","position":1,"name":"Accueil","item":"https:\/\/www.samsic.aero\/fr\/"},{"@type":"ListItem","position":2,"name":"News","item":"https:\/\/www.samsic.aero\/fr\/news\/"},{"@type":"ListItem","position":3,"name":"Tournoi de Padel pour SAMSIC APMR PACA"}]},{"@type":"WebSite","@id":"https:\/\/www.samsic.aero\/fr\/#website","url":"https:\/\/www.samsic.aero\/fr\/","name":"Samsic aero","description":"","publisher":{"@id":"https:\/\/www.samsic.aero\/fr\/#organization"},"potentialAction":[{"@type":"SearchAction","target":{"@type":"EntryPoint","urlTemplate":"https:\/\/www.samsic.aero\/fr\/?s={search_term_string}"},"query-input":{"@type":"PropertyValueSpecification","valueRequired":true,"valueName":"search_term_string"}}],"inLanguage":"fr-FR"},{"@type":"Organization","@id":"https:\/\/www.samsic.aero\/fr\/#organization","name":"Samsic","url":"https:\/\/www.samsic.aero\/fr\/","logo":{"@type":"ImageObject","inLanguage":"fr-FR","@id":"https:\/\/www.samsic.aero\/fr\/#\/schema\/logo\/image\/","url":"https:\/\/www.samsic.aero\/wp-content\/uploads\/2023\/04\/Samsic-1.jpg","contentUrl":"https:\/\/www.samsic.aero\/wp-content\/uploads\/2023\/04\/Samsic-1.jpg","width":150,"height":150,"caption":"Samsic"},"image":{"@id":"https:\/\/www.samsic.aero\/fr\/#\/schema\/logo\/image\/"},"sameAs":["https:\/\/www.linkedin.com\/showcase\/samsicairport\/"]},{"@type":"Person","@id":"https:\/\/www.samsic.aero\/fr\/#\/schema\/person\/5096d6eb74ddbbeba9f8671a1323f0b2","name":"Aur\u00e9lien Le fur","image":{"@type":"ImageObject","inLanguage":"fr-FR","@id":"https:\/\/www.samsic.aero\/fr\/#\/schema\/person\/image\/","url":"https:\/\/secure.gravatar.com\/avatar\/15a6e78e1755156d60c89e4652876a1b5a155b9e5fe6bf6b322ea7aa7bd98e5e?s=96&d=mm&r=g","contentUrl":"https:\/\/secure.gravatar.com\/avatar\/15a6e78e1755156d60c89e4652876a1b5a155b9e5fe6bf6b322ea7aa7bd98e5e?s=96&d=mm&r=g","caption":"Aur\u00e9lien Le fur"}}]}},"_links":{"self":[{"href":"https:\/\/www.samsic.aero\/fr\/wp-json\/wp\/v2\/posts\/6392","targetHints":{"allow":["GET"]}}],"collection":[{"href":"https:\/\/www.samsic.aero\/fr\/wp-json\/wp\/v2\/posts"}],"about":[{"href":"https:\/\/www.samsic.aero\/fr\/wp-json\/wp\/v2\/types\/post"}],"author":[{"embeddable":true,"href":"https:\/\/www.samsic.aero\/fr\/wp-json\/wp\/v2\/users\/4"}],"replies":[{"embeddable":true,"href":"https:\/\/www.samsic.aero\/fr\/wp-json\/wp\/v2\/comments?post=6392"}],"version-history":[{"count":1,"href":"https:\/\/www.samsic.aero\/fr\/wp-json\/wp\/v2\/posts\/6392\/revisions"}],"predecessor-version":[{"id":6393,"href":"https:\/\/www.samsic.aero\/fr\/wp-json\/wp\/v2\/posts\/6392\/revisions\/6393"}],"wp:featuredmedia":[{"embeddable":true,"href":"https:\/\/www.samsic.aero\/fr\/wp-json\/wp\/v2\/media\/6389"}],"wp:attachment":[{"href":"https:\/\/www.samsic.aero\/fr\/wp-json\/wp\/v2\/media?parent=6392"}],"wp:term":[{"taxonomy":"category","embeddable":true,"href":"https:\/\/www.samsic.aero\/fr\/wp-json\/wp\/v2\/categories?post=6392"},{"taxonomy":"post_tag","embeddable":true,"href":"https:\/\/www.samsic.aero\/fr\/wp-json\/wp\/v2\/tags?post=6392"}],"curies":[{"name":"wp","href":"https:\/\/api.w.org\/{rel}","templated":true}]}}